{"id":1728,"date":"2019-10-08T20:04:44","date_gmt":"2019-10-08T18:04:44","guid":{"rendered":"http:\/\/agora.xtec.cat\/iesmiquelcrusafont\/?p=1728"},"modified":"2019-10-08T20:27:58","modified_gmt":"2019-10-08T18:27:58","slug":"col%c2%b7laboracio-amb-el-parc-tauli-en-un-projecte-de-recerca","status":"publish","type":"post","link":"https:\/\/agora.xtec.cat\/iesmiquelcrusafont\/general\/col%c2%b7laboracio-amb-el-parc-tauli-en-un-projecte-de-recerca\/","title":{"rendered":"COL\u00b7LABORACI\u00d3 AMB EL PARC TAUL\u00cd EN UN PROJECTE DE RECERCA"},"content":{"rendered":"<p>Col\u00b7laboraci\u00f3 amb l&#8217;hospital Parc Taul\u00ed en un projecte de Recerca sobre els biaixos cognitius, estr\u00e8s i experi\u00e8ncies psic\u00f2tiques en adolescents nascuts l&#8217;any 2004.<br \/>\nAqu\u00ed teniu un v\u00eddeo explicatiu d&#8217;aquest projecte.<\/p>\n<p>Animeu-vos a participar!!!<strong>!<\/strong><\/p>\n<div style=\"width: 640px;\" class=\"wp-video\"><!--[if lt IE 9]><script>document.createElement('video');<\/script><![endif]-->\n<video class=\"wp-video-shortcode\" id=\"video-1728-1\" width=\"640\" height=\"360\" preload=\"metadata\" controls=\"controls\"><source type=\"video\/mp4\" src=\"https:\/\/agora.xtec.cat\/iesmiquelcrusafont\/wp-content\/uploads\/usu1686\/2019\/10\/y2mate.com-recerca_sobre_biaixos_cognitius_estres_i_experiencies_psicotiques_en_adolescents_de_sabadell_VhisRLmXI2w_360p.mp4?_=1\" \/><a href=\"https:\/\/agora.xtec.cat\/iesmiquelcrusafont\/wp-content\/uploads\/usu1686\/2019\/10\/y2mate.com-recerca_sobre_biaixos_cognitius_estres_i_experiencies_psicotiques_en_adolescents_de_sabadell_VhisRLmXI2w_360p.mp4\">https:\/\/agora.xtec.cat\/iesmiquelcrusafont\/wp-content\/uploads\/usu1686\/2019\/10\/y2mate.com-recerca_sobre_biaixos_cognitius_estres_i_experiencies_psicotiques_en_adolescents_de_sabadell_VhisRLmXI2w_360p.mp4<\/a><\/video><\/div>\n<p>&nbsp;<\/p>\n<p>&nbsp;<\/p>\n","protected":false},"excerpt":{"rendered":"<p>Col\u00b7laboraci\u00f3 amb l&#8217;hospital Parc Taul\u00ed en un projecte de Recerca sobre els biaixos cognitius, estr\u00e8s i experi\u00e8ncies psic\u00f2tiques en adolescents nascuts l&#8217;any 2004.Aqu\u00ed teniu un v\u00eddeo explicatiu d&#8217;aquest projecte.Animeu-vos a participar!!!!&hellip;  <a href=\"https:\/\/agora.xtec.cat\/iesmiquelcrusafont\/general\/col%c2%b7laboracio-amb-el-parc-tauli-en-un-projecte-de-recerca\/\" title=\"Read COL\u00b7LABORACI\u00d3 AMB EL PARC TAUL\u00cd EN UN PROJECTE DE RECERCA\">Llegeix m\u00e9s\u00bb<\/a><\/p>\n","protected":false},"author":1,"featured_media":1735,"comment_status":"open","ping_status":"closed","sticky":false,"template":"","format":"standard","meta":{"_bbp_topic_count":0,"_bbp_reply_count":0,"_bbp_total_topic_count":0,"_bbp_total_reply_count":0,"_bbp_voice_count":0,"_bbp_anonymous_reply_count":0,"_bbp_topic_count_hidden":0,"_bbp_reply_count_hidden":0,"_bbp_forum_subforum_count":0,"footnotes":""},"categories":[6,7,109,1,29],"tags":[],"class_list":["post-1728","post","type-post","status-publish","format-standard","has-post-thumbnail","hentry","category-eso-3","category-eso-4","category-diversitat","category-general","category-portada"],"post_mailing_queue_ids":[],"_links":{"self":[{"href":"https:\/\/agora.xtec.cat\/iesmiquelcrusafont\/wp-json\/wp\/v2\/posts\/1728","targetHints":{"allow":["GET"]}}],"collection":[{"href":"https:\/\/agora.xtec.cat\/iesmiquelcrusafont\/wp-json\/wp\/v2\/posts"}],"about":[{"href":"https:\/\/agora.xtec.cat\/iesmiquelcrusafont\/wp-json\/wp\/v2\/types\/post"}],"author":[{"embeddable":true,"href":"https:\/\/agora.xtec.cat\/iesmiquelcrusafont\/wp-json\/wp\/v2\/users\/1"}],"replies":[{"embeddable":true,"href":"https:\/\/agora.xtec.cat\/iesmiquelcrusafont\/wp-json\/wp\/v2\/comments?post=1728"}],"version-history":[{"count":4,"href":"https:\/\/agora.xtec.cat\/iesmiquelcrusafont\/wp-json\/wp\/v2\/posts\/1728\/revisions"}],"predecessor-version":[{"id":1736,"href":"https:\/\/agora.xtec.cat\/iesmiquelcrusafont\/wp-json\/wp\/v2\/posts\/1728\/revisions\/1736"}],"wp:featuredmedia":[{"embeddable":true,"href":"https:\/\/agora.xtec.cat\/iesmiquelcrusafont\/wp-json\/wp\/v2\/media\/1735"}],"wp:attachment":[{"href":"https:\/\/agora.xtec.cat\/iesmiquelcrusafont\/wp-json\/wp\/v2\/media?parent=1728"}],"wp:term":[{"taxonomy":"category","embeddable":true,"href":"https:\/\/agora.xtec.cat\/iesmiquelcrusafont\/wp-json\/wp\/v2\/categories?post=1728"},{"taxonomy":"post_tag","embeddable":true,"href":"https:\/\/agora.xtec.cat\/iesmiquelcrusafont\/wp-json\/wp\/v2\/tags?post=1728"}],"curies":[{"name":"wp","href":"https:\/\/api.w.org\/{rel}","templated":true}]}}