{"id":1485,"date":"2019-05-02T12:28:11","date_gmt":"2019-05-02T10:28:11","guid":{"rendered":"http:\/\/agora.xtec.cat\/iesmiquelcrusafont\/?p=1485"},"modified":"2019-05-02T14:08:30","modified_gmt":"2019-05-02T12:08:30","slug":"vita-romanorum","status":"publish","type":"post","link":"https:\/\/agora.xtec.cat\/iesmiquelcrusafont\/general\/vita-romanorum\/","title":{"rendered":"VITA ROMANORUM"},"content":{"rendered":"<p style=\"text-align: justify;\"><strong>Els i les alumnes de quart de Llat\u00ed han treballat el tema de les classes socials dels romans. Per fer-ho m\u00e9s atractiu s&#8217;han transformat en plebeus, patricis i esclaus i tots es coneixen entre s\u00ed. Al mural podr\u00e0s descobrir com s&#8217;anomenen, a qu\u00e8 es dediquen, on viuen i els seus secrets m\u00e9s \u00edntims.<\/strong><br \/>\n<strong>Apropeu-vos i llegiu-los!!<\/strong><\/p>\n<p>&nbsp;<\/p>\n<p><a href=\"https:\/\/agora.xtec.cat\/iesmiquelcrusafont\/wp-content\/uploads\/usu1686\/2019\/05\/Grup-llat\u00ed.jpg\"><img loading=\"lazy\" decoding=\"async\" class=\"size-large wp-image-1490 alignnone\" src=\"https:\/\/agora.xtec.cat\/iesmiquelcrusafont\/wp-content\/uploads\/usu1686\/2019\/05\/Grup-llat\u00ed.jpg\" alt=\"\" width=\"650\" height=\"487\" srcset=\"https:\/\/agora.xtec.cat\/iesmiquelcrusafont\/wp-content\/uploads\/usu1686\/2019\/05\/Grup-llat\u00ed.jpg 650w, https:\/\/agora.xtec.cat\/iesmiquelcrusafont\/wp-content\/uploads\/usu1686\/2019\/05\/Grup-llat\u00ed-300x225.jpg 300w, https:\/\/agora.xtec.cat\/iesmiquelcrusafont\/wp-content\/uploads\/usu1686\/2019\/05\/Grup-llat\u00ed-200x150.jpg 200w\" sizes=\"auto, (max-width: 650px) 100vw, 650px\" \/><\/a><\/p>\n<p><a href=\"https:\/\/agora.xtec.cat\/iesmiquelcrusafont\/wp-content\/uploads\/usu1686\/2019\/05\/Vita-Roma.jpg\"><img loading=\"lazy\" decoding=\"async\" class=\"size-full wp-image-1491 aligncenter\" src=\"https:\/\/agora.xtec.cat\/iesmiquelcrusafont\/wp-content\/uploads\/usu1686\/2019\/05\/Vita-Roma.jpg\" alt=\"\" width=\"450\" height=\"299\" srcset=\"https:\/\/agora.xtec.cat\/iesmiquelcrusafont\/wp-content\/uploads\/usu1686\/2019\/05\/Vita-Roma.jpg 450w, https:\/\/agora.xtec.cat\/iesmiquelcrusafont\/wp-content\/uploads\/usu1686\/2019\/05\/Vita-Roma-300x199.jpg 300w\" sizes=\"auto, (max-width: 450px) 100vw, 450px\" \/><\/a><\/p>\n<p>&nbsp;<\/p>\n","protected":false},"excerpt":{"rendered":"<p>Els i les alumnes de quart de Llat\u00ed han treballat el tema de les classes socials dels romans.&hellip;  <a href=\"https:\/\/agora.xtec.cat\/iesmiquelcrusafont\/general\/vita-romanorum\/\" title=\"Read VITA ROMANORUM\">Llegeix m\u00e9s\u00bb<\/a><\/p>\n","protected":false},"author":1,"featured_media":1491,"comment_status":"open","ping_status":"closed","sticky":false,"template":"","format":"standard","meta":{"_bbp_topic_count":0,"_bbp_reply_count":0,"_bbp_total_topic_count":0,"_bbp_total_reply_count":0,"_bbp_voice_count":0,"_bbp_anonymous_reply_count":0,"_bbp_topic_count_hidden":0,"_bbp_reply_count_hidden":0,"_bbp_forum_subforum_count":0,"footnotes":""},"categories":[7,3,1,111,29],"tags":[],"class_list":["post-1485","post","type-post","status-publish","format-standard","has-post-thumbnail","hentry","category-eso-4","category-eso","category-general","category-llengua-catalana","category-portada"],"post_mailing_queue_ids":[],"_links":{"self":[{"href":"https:\/\/agora.xtec.cat\/iesmiquelcrusafont\/wp-json\/wp\/v2\/posts\/1485","targetHints":{"allow":["GET"]}}],"collection":[{"href":"https:\/\/agora.xtec.cat\/iesmiquelcrusafont\/wp-json\/wp\/v2\/posts"}],"about":[{"href":"https:\/\/agora.xtec.cat\/iesmiquelcrusafont\/wp-json\/wp\/v2\/types\/post"}],"author":[{"embeddable":true,"href":"https:\/\/agora.xtec.cat\/iesmiquelcrusafont\/wp-json\/wp\/v2\/users\/1"}],"replies":[{"embeddable":true,"href":"https:\/\/agora.xtec.cat\/iesmiquelcrusafont\/wp-json\/wp\/v2\/comments?post=1485"}],"version-history":[{"count":3,"href":"https:\/\/agora.xtec.cat\/iesmiquelcrusafont\/wp-json\/wp\/v2\/posts\/1485\/revisions"}],"predecessor-version":[{"id":1494,"href":"https:\/\/agora.xtec.cat\/iesmiquelcrusafont\/wp-json\/wp\/v2\/posts\/1485\/revisions\/1494"}],"wp:featuredmedia":[{"embeddable":true,"href":"https:\/\/agora.xtec.cat\/iesmiquelcrusafont\/wp-json\/wp\/v2\/media\/1491"}],"wp:attachment":[{"href":"https:\/\/agora.xtec.cat\/iesmiquelcrusafont\/wp-json\/wp\/v2\/media?parent=1485"}],"wp:term":[{"taxonomy":"category","embeddable":true,"href":"https:\/\/agora.xtec.cat\/iesmiquelcrusafont\/wp-json\/wp\/v2\/categories?post=1485"},{"taxonomy":"post_tag","embeddable":true,"href":"https:\/\/agora.xtec.cat\/iesmiquelcrusafont\/wp-json\/wp\/v2\/tags?post=1485"}],"curies":[{"name":"wp","href":"https:\/\/api.w.org\/{rel}","templated":true}]}}