{"id":1388,"date":"2019-02-07T13:11:27","date_gmt":"2019-02-07T12:11:27","guid":{"rendered":"http:\/\/agora.xtec.cat\/iesmiquelcrusafont\/?p=1388"},"modified":"2019-02-20T12:11:19","modified_gmt":"2019-02-20T11:11:19","slug":"excursio-museu-historia-de-sabadell-2n-eso","status":"publish","type":"post","link":"https:\/\/agora.xtec.cat\/iesmiquelcrusafont\/general\/excursio-museu-historia-de-sabadell-2n-eso\/","title":{"rendered":"EXCURSI\u00d3 MUSEU HIST\u00d2RIA DE SABADELL -2n eso-"},"content":{"rendered":"<p>El dijous, dia 7 de febrer, organitzat pel Departament de Socials, vam fer la sortida al Museu d&#8217;Hist\u00f2ria de Sabadell, on els alumnes de 2n d&#8217;ESO van estudiar la formaci\u00f3 i evoluci\u00f3 de la ciutat de Sabadell a l&#8217;\u00e8poca medieval.<br \/>\nTamb\u00e9 vam fer una gimcana d&#8217;activitats, per con\u00e8ixer llocs importants al voltant del Museu, com son: el Mercat Central, el Museu de Paleontologia Miquel Crusafont, l&#8217;Ajuntament i l&#8217;Esgl\u00e9sia de Sant F\u00e8lix.<\/p>\n<p><a href=\"https:\/\/agora.xtec.cat\/iesmiquelcrusafont\/wp-content\/uploads\/usu1686\/2019\/02\/fOTOGRAFIA.jpg\"><img loading=\"lazy\" decoding=\"async\" class=\"alignnone size-full wp-image-1395\" src=\"https:\/\/agora.xtec.cat\/iesmiquelcrusafont\/wp-content\/uploads\/usu1686\/2019\/02\/fOTOGRAFIA.jpg\" alt=\"\" width=\"897\" height=\"385\" srcset=\"https:\/\/agora.xtec.cat\/iesmiquelcrusafont\/wp-content\/uploads\/usu1686\/2019\/02\/fOTOGRAFIA.jpg 897w, https:\/\/agora.xtec.cat\/iesmiquelcrusafont\/wp-content\/uploads\/usu1686\/2019\/02\/fOTOGRAFIA-300x129.jpg 300w, https:\/\/agora.xtec.cat\/iesmiquelcrusafont\/wp-content\/uploads\/usu1686\/2019\/02\/fOTOGRAFIA-768x330.jpg 768w\" sizes=\"auto, (max-width: 897px) 100vw, 897px\" \/><\/a><\/p>\n","protected":false},"excerpt":{"rendered":"<p>Sortida al Museu d&#8217;Hist\u00f2ria de Sabadell per estudiar la formaci\u00f3 i evoluci\u00f3 de la ciutat a l&#8217;\u00e8poca medieval. &hellip;  <a href=\"https:\/\/agora.xtec.cat\/iesmiquelcrusafont\/general\/excursio-museu-historia-de-sabadell-2n-eso\/\" title=\"Read EXCURSI\u00d3 MUSEU HIST\u00d2RIA DE SABADELL -2n eso-\">Llegeix m\u00e9s\u00bb<\/a><\/p>\n","protected":false},"author":1,"featured_media":1394,"comment_status":"open","ping_status":"closed","sticky":false,"template":"","format":"standard","meta":{"_bbp_topic_count":0,"_bbp_reply_count":0,"_bbp_total_topic_count":0,"_bbp_total_reply_count":0,"_bbp_voice_count":0,"_bbp_anonymous_reply_count":0,"_bbp_topic_count_hidden":0,"_bbp_reply_count_hidden":0,"_bbp_forum_subforum_count":0,"footnotes":""},"categories":[5,1,29,108],"tags":[],"class_list":["post-1388","post","type-post","status-publish","format-standard","has-post-thumbnail","hentry","category-eso-2","category-general","category-portada","category-socials"],"post_mailing_queue_ids":[],"_links":{"self":[{"href":"https:\/\/agora.xtec.cat\/iesmiquelcrusafont\/wp-json\/wp\/v2\/posts\/1388","targetHints":{"allow":["GET"]}}],"collection":[{"href":"https:\/\/agora.xtec.cat\/iesmiquelcrusafont\/wp-json\/wp\/v2\/posts"}],"about":[{"href":"https:\/\/agora.xtec.cat\/iesmiquelcrusafont\/wp-json\/wp\/v2\/types\/post"}],"author":[{"embeddable":true,"href":"https:\/\/agora.xtec.cat\/iesmiquelcrusafont\/wp-json\/wp\/v2\/users\/1"}],"replies":[{"embeddable":true,"href":"https:\/\/agora.xtec.cat\/iesmiquelcrusafont\/wp-json\/wp\/v2\/comments?post=1388"}],"version-history":[{"count":3,"href":"https:\/\/agora.xtec.cat\/iesmiquelcrusafont\/wp-json\/wp\/v2\/posts\/1388\/revisions"}],"predecessor-version":[{"id":1396,"href":"https:\/\/agora.xtec.cat\/iesmiquelcrusafont\/wp-json\/wp\/v2\/posts\/1388\/revisions\/1396"}],"wp:featuredmedia":[{"embeddable":true,"href":"https:\/\/agora.xtec.cat\/iesmiquelcrusafont\/wp-json\/wp\/v2\/media\/1394"}],"wp:attachment":[{"href":"https:\/\/agora.xtec.cat\/iesmiquelcrusafont\/wp-json\/wp\/v2\/media?parent=1388"}],"wp:term":[{"taxonomy":"category","embeddable":true,"href":"https:\/\/agora.xtec.cat\/iesmiquelcrusafont\/wp-json\/wp\/v2\/categories?post=1388"},{"taxonomy":"post_tag","embeddable":true,"href":"https:\/\/agora.xtec.cat\/iesmiquelcrusafont\/wp-json\/wp\/v2\/tags?post=1388"}],"curies":[{"name":"wp","href":"https:\/\/api.w.org\/{rel}","templated":true}]}}