{"id":1276,"date":"2018-11-20T19:05:51","date_gmt":"2018-11-20T18:05:51","guid":{"rendered":"http:\/\/agora.xtec.cat\/iesmiquelcrusafont\/?p=1276"},"modified":"2018-11-25T14:25:31","modified_gmt":"2018-11-25T13:25:31","slug":"batxillerat-va-al-teatre-a-veure-maremar","status":"publish","type":"post","link":"https:\/\/agora.xtec.cat\/iesmiquelcrusafont\/general\/batxillerat-va-al-teatre-a-veure-maremar\/","title":{"rendered":"SORTIDA AL TEATRE POLIORAMA"},"content":{"rendered":"<p>El passat dijous 15 de novembre, els nostres alumnes de 1r i 2n de batxillerat van anar al Teatre Poliorama a veure <em>Maremar,<\/em> la darrera obra de la companyia <em>Dagoll Dagom.<\/em><\/p>\n<p><em>Maremar<\/em> \u00e9s la hist\u00f2ria d&#8217;un pare, una mare i una filla que lluiten per retrobar-se. Una de tantes hist\u00f2ries en qu\u00e8 la crueltat de la guerra fan separar fam\u00edlies. Una met\u00e0fora sobre la vida, explicada amb un viatge a trav\u00e9s del mar. Amb m\u00fasica i lletres inspirades en les can\u00e7ons de Llu\u00eds Llach.<\/p>\n<p>Tant els alumnes com les professores acompanyants vam gaudir molt\u00edssim d&#8217;aquesta activitat. Us la recomanem!<\/p>\n<p><a href=\"https:\/\/agora.xtec.cat\/iesmiquelcrusafont\/wp-content\/uploads\/usu1686\/2018\/11\/Foto-enviada-per-lvives9-1.jpg\"><img loading=\"lazy\" decoding=\"async\" class=\"alignnone size-large wp-image-1278\" src=\"https:\/\/agora.xtec.cat\/iesmiquelcrusafont\/wp-content\/uploads\/usu1686\/2018\/11\/Foto-enviada-per-lvives9-1-1024x768.jpg\" alt=\"\" width=\"1024\" height=\"768\" srcset=\"https:\/\/agora.xtec.cat\/iesmiquelcrusafont\/wp-content\/uploads\/usu1686\/2018\/11\/Foto-enviada-per-lvives9-1-1024x768.jpg 1024w, https:\/\/agora.xtec.cat\/iesmiquelcrusafont\/wp-content\/uploads\/usu1686\/2018\/11\/Foto-enviada-per-lvives9-1-300x225.jpg 300w, https:\/\/agora.xtec.cat\/iesmiquelcrusafont\/wp-content\/uploads\/usu1686\/2018\/11\/Foto-enviada-per-lvives9-1-768x576.jpg 768w, https:\/\/agora.xtec.cat\/iesmiquelcrusafont\/wp-content\/uploads\/usu1686\/2018\/11\/Foto-enviada-per-lvives9-1-200x150.jpg 200w, https:\/\/agora.xtec.cat\/iesmiquelcrusafont\/wp-content\/uploads\/usu1686\/2018\/11\/Foto-enviada-per-lvives9-1.jpg 1600w\" sizes=\"auto, (max-width: 1024px) 100vw, 1024px\" \/><\/a><\/p>\n","protected":false},"excerpt":{"rendered":"<p>El passat dijous 15 de novembre, els nostres alumnes de 1r i 2n de batxillerat van anar al Teatre Poliorama a veure Maremar, la darrera obra de la companyia Dagoll Dagom.&hellip;  <a href=\"https:\/\/agora.xtec.cat\/iesmiquelcrusafont\/general\/batxillerat-va-al-teatre-a-veure-maremar\/\" title=\"Read SORTIDA AL TEATRE POLIORAMA\">Llegeix m\u00e9s\u00bb<\/a><\/p>\n","protected":false},"author":1,"featured_media":1310,"comment_status":"open","ping_status":"closed","sticky":false,"template":"","format":"standard","meta":{"_bbp_topic_count":0,"_bbp_reply_count":0,"_bbp_total_topic_count":0,"_bbp_total_reply_count":0,"_bbp_voice_count":0,"_bbp_anonymous_reply_count":0,"_bbp_topic_count_hidden":0,"_bbp_reply_count_hidden":0,"_bbp_forum_subforum_count":0,"footnotes":""},"categories":[8,1,111,29],"tags":[],"class_list":["post-1276","post","type-post","status-publish","format-standard","has-post-thumbnail","hentry","category-batxillerat","category-general","category-llengua-catalana","category-portada"],"post_mailing_queue_ids":[],"_links":{"self":[{"href":"https:\/\/agora.xtec.cat\/iesmiquelcrusafont\/wp-json\/wp\/v2\/posts\/1276","targetHints":{"allow":["GET"]}}],"collection":[{"href":"https:\/\/agora.xtec.cat\/iesmiquelcrusafont\/wp-json\/wp\/v2\/posts"}],"about":[{"href":"https:\/\/agora.xtec.cat\/iesmiquelcrusafont\/wp-json\/wp\/v2\/types\/post"}],"author":[{"embeddable":true,"href":"https:\/\/agora.xtec.cat\/iesmiquelcrusafont\/wp-json\/wp\/v2\/users\/1"}],"replies":[{"embeddable":true,"href":"https:\/\/agora.xtec.cat\/iesmiquelcrusafont\/wp-json\/wp\/v2\/comments?post=1276"}],"version-history":[{"count":3,"href":"https:\/\/agora.xtec.cat\/iesmiquelcrusafont\/wp-json\/wp\/v2\/posts\/1276\/revisions"}],"predecessor-version":[{"id":1300,"href":"https:\/\/agora.xtec.cat\/iesmiquelcrusafont\/wp-json\/wp\/v2\/posts\/1276\/revisions\/1300"}],"wp:featuredmedia":[{"embeddable":true,"href":"https:\/\/agora.xtec.cat\/iesmiquelcrusafont\/wp-json\/wp\/v2\/media\/1310"}],"wp:attachment":[{"href":"https:\/\/agora.xtec.cat\/iesmiquelcrusafont\/wp-json\/wp\/v2\/media?parent=1276"}],"wp:term":[{"taxonomy":"category","embeddable":true,"href":"https:\/\/agora.xtec.cat\/iesmiquelcrusafont\/wp-json\/wp\/v2\/categories?post=1276"},{"taxonomy":"post_tag","embeddable":true,"href":"https:\/\/agora.xtec.cat\/iesmiquelcrusafont\/wp-json\/wp\/v2\/tags?post=1276"}],"curies":[{"name":"wp","href":"https:\/\/api.w.org\/{rel}","templated":true}]}}