{"id":1258,"date":"2018-10-09T20:54:49","date_gmt":"2018-10-09T18:54:49","guid":{"rendered":"http:\/\/agora.xtec.cat\/iesmiquelcrusafont\/?p=1258"},"modified":"2018-10-09T20:59:16","modified_gmt":"2018-10-09T18:59:16","slug":"tastet-oficis","status":"publish","type":"post","link":"https:\/\/agora.xtec.cat\/iesmiquelcrusafont\/general\/tastet-oficis\/","title":{"rendered":"TASTET D&#8217;OFICIS"},"content":{"rendered":"<h6 dir=\"auto\" style=\"text-align: justify;\">Un grup d&#8217;alumnes de 4t ha iniciat aquest mes d&#8217;octubre el &#8220;Tastet d&#8217;oficis&#8221; a c\u00e0rrec del Vapor Llonch.<\/h6>\n<h6 dir=\"auto\" style=\"text-align: justify;\">\u00c9s una activitat que fa descobrir diferents \u00e0mbits professionals als alumnes i els ajuda en la presa de decisions personals, en el coneixement de les pr\u00f2pies habilitats laborals i en la seva primera experi\u00e8ncia prelaboral<\/h6>\n<div dir=\"auto\"><\/div>\n<div dir=\"auto\" style=\"text-align: justify;\">\n<figure class=\"figure wp-caption alignnone\"><a href=\"https:\/\/agora.xtec.cat\/iesmiquelcrusafont\/wp-content\/uploads\/usu1686\/2018\/10\/Tastet-Ofici..jpg\"><img loading=\"lazy\" decoding=\"async\" class=\"size-full wp-image-1259\" src=\"https:\/\/agora.xtec.cat\/iesmiquelcrusafont\/wp-content\/uploads\/usu1686\/2018\/10\/Tastet-Ofici..jpg\" alt=\"\" width=\"650\" height=\"487\" srcset=\"https:\/\/agora.xtec.cat\/iesmiquelcrusafont\/wp-content\/uploads\/usu1686\/2018\/10\/Tastet-Ofici..jpg 650w, https:\/\/agora.xtec.cat\/iesmiquelcrusafont\/wp-content\/uploads\/usu1686\/2018\/10\/Tastet-Ofici.-300x225.jpg 300w, https:\/\/agora.xtec.cat\/iesmiquelcrusafont\/wp-content\/uploads\/usu1686\/2018\/10\/Tastet-Ofici.-200x150.jpg 200w\" sizes=\"auto, (max-width: 650px) 100vw, 650px\" \/><\/a><figcaption class=\"wp-caption-text\">sdr<\/figcaption><\/figure>\n<p>.<\/p>\n<\/div>\n","protected":false},"excerpt":{"rendered":"<p>Un grup d&#8217;alumnes de 4t ha iniciat aquest mes d&#8217;octubre el &#8220;Tastet d&#8217;oficis&#8221; a c\u00e0rrec del Vapor Llonch.&hellip;  <a href=\"https:\/\/agora.xtec.cat\/iesmiquelcrusafont\/general\/tastet-oficis\/\" title=\"Read TASTET D&#8217;OFICIS\">Llegeix m\u00e9s\u00bb<\/a><\/p>\n","protected":false},"author":1,"featured_media":1259,"comment_status":"open","ping_status":"closed","sticky":false,"template":"","format":"standard","meta":{"_bbp_topic_count":0,"_bbp_reply_count":0,"_bbp_total_topic_count":0,"_bbp_total_reply_count":0,"_bbp_voice_count":0,"_bbp_anonymous_reply_count":0,"_bbp_topic_count_hidden":0,"_bbp_reply_count_hidden":0,"_bbp_forum_subforum_count":0,"footnotes":""},"categories":[7,1,29],"tags":[],"class_list":["post-1258","post","type-post","status-publish","format-standard","has-post-thumbnail","hentry","category-eso-4","category-general","category-portada"],"post_mailing_queue_ids":[],"_links":{"self":[{"href":"https:\/\/agora.xtec.cat\/iesmiquelcrusafont\/wp-json\/wp\/v2\/posts\/1258","targetHints":{"allow":["GET"]}}],"collection":[{"href":"https:\/\/agora.xtec.cat\/iesmiquelcrusafont\/wp-json\/wp\/v2\/posts"}],"about":[{"href":"https:\/\/agora.xtec.cat\/iesmiquelcrusafont\/wp-json\/wp\/v2\/types\/post"}],"author":[{"embeddable":true,"href":"https:\/\/agora.xtec.cat\/iesmiquelcrusafont\/wp-json\/wp\/v2\/users\/1"}],"replies":[{"embeddable":true,"href":"https:\/\/agora.xtec.cat\/iesmiquelcrusafont\/wp-json\/wp\/v2\/comments?post=1258"}],"version-history":[{"count":3,"href":"https:\/\/agora.xtec.cat\/iesmiquelcrusafont\/wp-json\/wp\/v2\/posts\/1258\/revisions"}],"predecessor-version":[{"id":1263,"href":"https:\/\/agora.xtec.cat\/iesmiquelcrusafont\/wp-json\/wp\/v2\/posts\/1258\/revisions\/1263"}],"wp:featuredmedia":[{"embeddable":true,"href":"https:\/\/agora.xtec.cat\/iesmiquelcrusafont\/wp-json\/wp\/v2\/media\/1259"}],"wp:attachment":[{"href":"https:\/\/agora.xtec.cat\/iesmiquelcrusafont\/wp-json\/wp\/v2\/media?parent=1258"}],"wp:term":[{"taxonomy":"category","embeddable":true,"href":"https:\/\/agora.xtec.cat\/iesmiquelcrusafont\/wp-json\/wp\/v2\/categories?post=1258"},{"taxonomy":"post_tag","embeddable":true,"href":"https:\/\/agora.xtec.cat\/iesmiquelcrusafont\/wp-json\/wp\/v2\/tags?post=1258"}],"curies":[{"name":"wp","href":"https:\/\/api.w.org\/{rel}","templated":true}]}}