{"id":970,"date":"2015-02-25T17:28:12","date_gmt":"2015-02-25T16:28:12","guid":{"rendered":"http:\/\/agora.xtec.cat\/iesmiquelbosch\/general\/festa-de-nadal-a-tv-artes\/"},"modified":"2016-07-20T16:03:40","modified_gmt":"2016-07-20T15:03:40","slug":"festa-de-nadal-a-tv-artes","status":"publish","type":"post","link":"https:\/\/agora.xtec.cat\/iesmiquelbosch\/general\/festa-de-nadal-a-tv-artes\/","title":{"rendered":"Festa de Nadal a TV Art\u00e9s"},"content":{"rendered":"<div style=\"text-align: center;\"><font face=\"arial, helvetica, sans-serif\" style=\"color: #005c87;\" size=\"5\"><strong>Festa de Nadal a TV Art\u00e9s<\/strong><\/font><\/div>\n<p style=\"text-align: justify;\"><font face=\"arial, helvetica, sans-serif\" size=\"4\" style=\"color: #005c87;\">A m\u00e9s de veure els v\u00eddeos de la festa de Nadal al blog de celebracions que, com ja sabeu, trobareu al men\u00fa de l&#8217;esquerra d&#8217;aquest web, tamb\u00e9 podeu accedir al reportatge que TV Art\u00e9s ha publicat en els seg\u00fcents enlla\u00e7os: <a href=\"http:\/\/tvartes.cat\/index.php\/component\/hdflvplayer\/title\/Show-IES-1\/id\/198\/page\/1\" target=\"_blank\">primera part<\/a> i <a href=\"http:\/\/tvartes.cat\/index.php\/component\/hdflvplayer\/title\/Show-IES-2\/id\/199\/page\/1\" target=\"_blank\">segona part<\/a>.<\/font><\/p>\n","protected":false},"excerpt":{"rendered":"<p>Festa de Nadal a TV Art\u00e9s<br \/>\nA m\u00e9s de veure els v\u00eddeos de la festa de Nadal al blog de celebracions que, com ja sabeu, trobareu al men\u00fa de l&#8217;esquerra d&#8217;aquest web, tamb\u00e9 podeu accedir al reportatge que TV Art\u00e9s ha publicat en els seg\u00fcents enlla\u00e7os:&hellip;  <a href=\"https:\/\/agora.xtec.cat\/iesmiquelbosch\/general\/festa-de-nadal-a-tv-artes\/\" title=\"Read Festa de Nadal a TV Art\u00e9s\">Llegeix m\u00e9s\u00bb<\/a><\/p>\n","protected":false},"author":4,"featured_media":0,"comment_status":"open","ping_status":"open","sticky":false,"template":"","format":"standard","meta":{"_bbp_topic_count":0,"_bbp_reply_count":0,"_bbp_total_topic_count":0,"_bbp_total_reply_count":0,"_bbp_voice_count":0,"_bbp_anonymous_reply_count":0,"_bbp_topic_count_hidden":0,"_bbp_reply_count_hidden":0,"_bbp_forum_subforum_count":0,"footnotes":""},"categories":[1],"tags":[70,73],"class_list":["post-970","post","type-post","status-publish","format-standard","hentry","category-general","tag-intraweb","tag-noticies"],"post_mailing_queue_ids":[],"_links":{"self":[{"href":"https:\/\/agora.xtec.cat\/iesmiquelbosch\/wp-json\/wp\/v2\/posts\/970","targetHints":{"allow":["GET"]}}],"collection":[{"href":"https:\/\/agora.xtec.cat\/iesmiquelbosch\/wp-json\/wp\/v2\/posts"}],"about":[{"href":"https:\/\/agora.xtec.cat\/iesmiquelbosch\/wp-json\/wp\/v2\/types\/post"}],"author":[{"embeddable":true,"href":"https:\/\/agora.xtec.cat\/iesmiquelbosch\/wp-json\/wp\/v2\/users\/4"}],"replies":[{"embeddable":true,"href":"https:\/\/agora.xtec.cat\/iesmiquelbosch\/wp-json\/wp\/v2\/comments?post=970"}],"version-history":[{"count":1,"href":"https:\/\/agora.xtec.cat\/iesmiquelbosch\/wp-json\/wp\/v2\/posts\/970\/revisions"}],"predecessor-version":[{"id":1705,"href":"https:\/\/agora.xtec.cat\/iesmiquelbosch\/wp-json\/wp\/v2\/posts\/970\/revisions\/1705"}],"wp:attachment":[{"href":"https:\/\/agora.xtec.cat\/iesmiquelbosch\/wp-json\/wp\/v2\/media?parent=970"}],"wp:term":[{"taxonomy":"category","embeddable":true,"href":"https:\/\/agora.xtec.cat\/iesmiquelbosch\/wp-json\/wp\/v2\/categories?post=970"},{"taxonomy":"post_tag","embeddable":true,"href":"https:\/\/agora.xtec.cat\/iesmiquelbosch\/wp-json\/wp\/v2\/tags?post=970"}],"curies":[{"name":"wp","href":"https:\/\/api.w.org\/{rel}","templated":true}]}}