{"id":968,"date":"2015-02-20T09:25:34","date_gmt":"2015-02-20T08:25:34","guid":{"rendered":"http:\/\/agora.xtec.cat\/iesmiquelbosch\/general\/23-febrer-festa-lliure-disposicio\/"},"modified":"2016-07-20T16:03:40","modified_gmt":"2016-07-20T15:03:40","slug":"23-febrer-festa-lliure-disposicio","status":"publish","type":"post","link":"https:\/\/agora.xtec.cat\/iesmiquelbosch\/general\/23-febrer-festa-lliure-disposicio\/","title":{"rendered":"23 febrer, festa lliure disposici\u00f3"},"content":{"rendered":"<p><span style=\"color: #5200ff;\"><font face=\"arial,helvetica,sans-serif\" size=\"5\">Recordeu que dilluns, dia 23 de febrer, \u00e9s una de les festes de lliure disposici\u00f3 del centre, i per tant l&#8217;institut romandr\u00e0 tancat.<\/p>\n<p><\/font><\/span><\/p>\n","protected":false},"excerpt":{"rendered":"<p>Recordeu que dilluns, dia 23 de febrer, \u00e9s una de les festes de lliure disposici\u00f3 del centre, i per tant l&#8217;institut romandr\u00e0 tancat.<\/p>\n","protected":false},"author":33,"featured_media":0,"comment_status":"open","ping_status":"open","sticky":false,"template":"","format":"standard","meta":{"_bbp_topic_count":0,"_bbp_reply_count":0,"_bbp_total_topic_count":0,"_bbp_total_reply_count":0,"_bbp_voice_count":0,"_bbp_anonymous_reply_count":0,"_bbp_topic_count_hidden":0,"_bbp_reply_count_hidden":0,"_bbp_forum_subforum_count":0,"footnotes":""},"categories":[1],"tags":[70,73],"class_list":["post-968","post","type-post","status-publish","format-standard","hentry","category-general","tag-intraweb","tag-noticies"],"post_mailing_queue_ids":[],"_links":{"self":[{"href":"https:\/\/agora.xtec.cat\/iesmiquelbosch\/wp-json\/wp\/v2\/posts\/968","targetHints":{"allow":["GET"]}}],"collection":[{"href":"https:\/\/agora.xtec.cat\/iesmiquelbosch\/wp-json\/wp\/v2\/posts"}],"about":[{"href":"https:\/\/agora.xtec.cat\/iesmiquelbosch\/wp-json\/wp\/v2\/types\/post"}],"author":[{"embeddable":true,"href":"https:\/\/agora.xtec.cat\/iesmiquelbosch\/wp-json\/wp\/v2\/users\/33"}],"replies":[{"embeddable":true,"href":"https:\/\/agora.xtec.cat\/iesmiquelbosch\/wp-json\/wp\/v2\/comments?post=968"}],"version-history":[{"count":1,"href":"https:\/\/agora.xtec.cat\/iesmiquelbosch\/wp-json\/wp\/v2\/posts\/968\/revisions"}],"predecessor-version":[{"id":1703,"href":"https:\/\/agora.xtec.cat\/iesmiquelbosch\/wp-json\/wp\/v2\/posts\/968\/revisions\/1703"}],"wp:attachment":[{"href":"https:\/\/agora.xtec.cat\/iesmiquelbosch\/wp-json\/wp\/v2\/media?parent=968"}],"wp:term":[{"taxonomy":"category","embeddable":true,"href":"https:\/\/agora.xtec.cat\/iesmiquelbosch\/wp-json\/wp\/v2\/categories?post=968"},{"taxonomy":"post_tag","embeddable":true,"href":"https:\/\/agora.xtec.cat\/iesmiquelbosch\/wp-json\/wp\/v2\/tags?post=968"}],"curies":[{"name":"wp","href":"https:\/\/api.w.org\/{rel}","templated":true}]}}