{"id":953,"date":"2014-12-23T10:11:13","date_gmt":"2014-12-23T09:11:13","guid":{"rendered":"http:\/\/agora.xtec.cat\/iesmiquelbosch\/general\/setzena-edicio-de-la-christhmas-gym-cup-2014\/"},"modified":"2016-07-20T16:03:39","modified_gmt":"2016-07-20T15:03:39","slug":"setzena-edicio-de-la-christhmas-gym-cup-2014","status":"publish","type":"post","link":"https:\/\/agora.xtec.cat\/iesmiquelbosch\/general\/setzena-edicio-de-la-christhmas-gym-cup-2014\/","title":{"rendered":"Setzena edici\u00f3 de la Christmas Gym Cup 2014"},"content":{"rendered":"<p style=\"text-align: center;\"><font face=\"arial, helvetica, sans-serif\" style=\"color: #0070a5;\" size=\"5\"><strong>Setzena edici\u00f3 de la Christmas Gym Cup 2014<\/strong><\/font><\/p>\n<p><font face=\"arial, helvetica, sans-serif\" size=\"4\" style=\"color: #0070a5;\">La Janina Jo, de 1r ESO, va aconseguir una molt bona posici\u00f3 en la setzena edici\u00f3 de la Christmas Gym Cup 2014, en la competici\u00f3 de gimn\u00e0stica art\u00edstica femenina, que es va celebrar a Luxemburg el 13 de desembre. <\/font><\/p>\n<p><font face=\"arial, helvetica, sans-serif\" size=\"4\" style=\"color: #0070a5;\">Podeu veure l&#8217;article que va publicar el Regi\u00f3 7 en aquest <a href=\"http:\/\/www.regio7.cat\/esports\/2014\/12\/20\/legiba-simposa-claredat-christmas-gym\/295607.html\" target=\"_blank\">enlla\u00e7<\/a>.<\/font><\/p>\n<p><font face=\"arial, helvetica, sans-serif\" size=\"4\" style=\"color: #0070a5;\">Felicitats, Janina!&nbsp;<\/font><\/p>\n","protected":false},"excerpt":{"rendered":"<p>Setzena edici\u00f3 de la Christmas Gym Cup 2014<br \/>\nLa Janina Jo, de 1r ESO, va aconseguir una molt bona posici\u00f3 en la setzena edici\u00f3 de la Christmas Gym Cup 2014, en la competici\u00f3 de gimn\u00e0stica art\u00edstica femenina, que es va celebrar a Luxemburg el 13 de&hellip;  <a href=\"https:\/\/agora.xtec.cat\/iesmiquelbosch\/general\/setzena-edicio-de-la-christhmas-gym-cup-2014\/\" title=\"Read Setzena edici\u00f3 de la Christmas Gym Cup 2014\">Llegeix m\u00e9s\u00bb<\/a><\/p>\n","protected":false},"author":4,"featured_media":0,"comment_status":"open","ping_status":"open","sticky":false,"template":"","format":"standard","meta":{"_bbp_topic_count":0,"_bbp_reply_count":0,"_bbp_total_topic_count":0,"_bbp_total_reply_count":0,"_bbp_voice_count":0,"_bbp_anonymous_reply_count":0,"_bbp_topic_count_hidden":0,"_bbp_reply_count_hidden":0,"_bbp_forum_subforum_count":0,"footnotes":""},"categories":[1],"tags":[70,73],"class_list":["post-953","post","type-post","status-publish","format-standard","hentry","category-general","tag-intraweb","tag-noticies"],"post_mailing_queue_ids":[],"_links":{"self":[{"href":"https:\/\/agora.xtec.cat\/iesmiquelbosch\/wp-json\/wp\/v2\/posts\/953","targetHints":{"allow":["GET"]}}],"collection":[{"href":"https:\/\/agora.xtec.cat\/iesmiquelbosch\/wp-json\/wp\/v2\/posts"}],"about":[{"href":"https:\/\/agora.xtec.cat\/iesmiquelbosch\/wp-json\/wp\/v2\/types\/post"}],"author":[{"embeddable":true,"href":"https:\/\/agora.xtec.cat\/iesmiquelbosch\/wp-json\/wp\/v2\/users\/4"}],"replies":[{"embeddable":true,"href":"https:\/\/agora.xtec.cat\/iesmiquelbosch\/wp-json\/wp\/v2\/comments?post=953"}],"version-history":[{"count":1,"href":"https:\/\/agora.xtec.cat\/iesmiquelbosch\/wp-json\/wp\/v2\/posts\/953\/revisions"}],"predecessor-version":[{"id":1688,"href":"https:\/\/agora.xtec.cat\/iesmiquelbosch\/wp-json\/wp\/v2\/posts\/953\/revisions\/1688"}],"wp:attachment":[{"href":"https:\/\/agora.xtec.cat\/iesmiquelbosch\/wp-json\/wp\/v2\/media?parent=953"}],"wp:term":[{"taxonomy":"category","embeddable":true,"href":"https:\/\/agora.xtec.cat\/iesmiquelbosch\/wp-json\/wp\/v2\/categories?post=953"},{"taxonomy":"post_tag","embeddable":true,"href":"https:\/\/agora.xtec.cat\/iesmiquelbosch\/wp-json\/wp\/v2\/tags?post=953"}],"curies":[{"name":"wp","href":"https:\/\/api.w.org\/{rel}","templated":true}]}}