{"id":946,"date":"2014-11-24T19:15:19","date_gmt":"2014-11-24T18:15:19","guid":{"rendered":"http:\/\/agora.xtec.cat\/iesmiquelbosch\/general\/prova-per-a-lobtencio-dels-certificats-dels-nivells-intermedi-i-avancat-dangles\/"},"modified":"2016-07-20T16:03:39","modified_gmt":"2016-07-20T15:03:39","slug":"prova-per-a-lobtencio-dels-certificats-dels-nivells-intermedi-i-avancat-dangles","status":"publish","type":"post","link":"https:\/\/agora.xtec.cat\/iesmiquelbosch\/general\/prova-per-a-lobtencio-dels-certificats-dels-nivells-intermedi-i-avancat-dangles\/","title":{"rendered":"Prova per a l&#8217;obtenci\u00f3 dels certificats dels nivells intermedi i avan\u00e7at d&#8217;angl\u00e8s"},"content":{"rendered":"<p style=\"text-align: center;\"><font face=\"arial, helvetica, sans-serif\" style=\"color: #0002a5;\" size=\"5\"><strong>Prova per a l&#8217;obtenci\u00f3 dels certificats dels nivells intermedi i avan\u00e7at d&#8217;angl\u00e8s<\/strong><\/font><\/p>\n<p style=\"text-align: justify;\"><font face=\"arial, helvetica, sans-serif\" size=\"4\" style=\"color: #0002a5;\">L&#8217;EOI ha obert la inscripci\u00f3 (del&nbsp;<\/font><span style=\"color: #0002a5; font-family: arial, helvetica, sans-serif; font-size: large;\">&nbsp;24 al 28 de novembre de 2014)&nbsp;<\/span><span style=\"color: #0002a5; font-family: arial, helvetica, sans-serif; font-size: large;\">per a la convocat\u00f2ria extraordin\u00e0ria de les proves d&#8217;angl\u00e8s de febrer de 2015.<\/span><\/p>\n<p style=\"text-align: justify;\"><font face=\"arial, helvetica, sans-serif\" size=\"4\" style=\"color: #0002a5;\">Teniu m\u00e9s informaci\u00f3 en <a href=\"http:\/\/www.eoimanresa.cat\/index.php\/colors-variation\/noticies\/231-convocatoria-extraordinaria-febrer-2015\" target=\"_blank\">aquest enlla\u00e7<\/a>.&nbsp;<\/font><\/p>\n","protected":false},"excerpt":{"rendered":"<p>Prova per a l&#8217;obtenci\u00f3 dels certificats dels nivells intermedi i avan\u00e7at d&#8217;angl\u00e8s<br \/>\nL&#8217;EOI ha obert la inscripci\u00f3 (del&nbsp;&nbsp;24 al 28 de novembre de 2014)&nbsp;per a la convocat\u00f2ria extraordin\u00e0ria de les proves d&#8217;angl\u00e8s de febrer de 2015.<br \/>\nTeniu m\u00e9s informaci\u00f3 en <a href=\"http:\/\/www.eoimanresa.cat\/index.php\/colors-variation\/noticies\/231-convocatoria-extraordinaria-febrer-2015\" target=\"_blank\">aquest enlla\u00e7<\/a>.&nbsp;<\/p>\n","protected":false},"author":4,"featured_media":0,"comment_status":"open","ping_status":"open","sticky":false,"template":"","format":"standard","meta":{"_bbp_topic_count":0,"_bbp_reply_count":0,"_bbp_total_topic_count":0,"_bbp_total_reply_count":0,"_bbp_voice_count":0,"_bbp_anonymous_reply_count":0,"_bbp_topic_count_hidden":0,"_bbp_reply_count_hidden":0,"_bbp_forum_subforum_count":0,"footnotes":""},"categories":[1],"tags":[70,73],"class_list":["post-946","post","type-post","status-publish","format-standard","hentry","category-general","tag-intraweb","tag-noticies"],"post_mailing_queue_ids":[],"_links":{"self":[{"href":"https:\/\/agora.xtec.cat\/iesmiquelbosch\/wp-json\/wp\/v2\/posts\/946","targetHints":{"allow":["GET"]}}],"collection":[{"href":"https:\/\/agora.xtec.cat\/iesmiquelbosch\/wp-json\/wp\/v2\/posts"}],"about":[{"href":"https:\/\/agora.xtec.cat\/iesmiquelbosch\/wp-json\/wp\/v2\/types\/post"}],"author":[{"embeddable":true,"href":"https:\/\/agora.xtec.cat\/iesmiquelbosch\/wp-json\/wp\/v2\/users\/4"}],"replies":[{"embeddable":true,"href":"https:\/\/agora.xtec.cat\/iesmiquelbosch\/wp-json\/wp\/v2\/comments?post=946"}],"version-history":[{"count":1,"href":"https:\/\/agora.xtec.cat\/iesmiquelbosch\/wp-json\/wp\/v2\/posts\/946\/revisions"}],"predecessor-version":[{"id":1681,"href":"https:\/\/agora.xtec.cat\/iesmiquelbosch\/wp-json\/wp\/v2\/posts\/946\/revisions\/1681"}],"wp:attachment":[{"href":"https:\/\/agora.xtec.cat\/iesmiquelbosch\/wp-json\/wp\/v2\/media?parent=946"}],"wp:term":[{"taxonomy":"category","embeddable":true,"href":"https:\/\/agora.xtec.cat\/iesmiquelbosch\/wp-json\/wp\/v2\/categories?post=946"},{"taxonomy":"post_tag","embeddable":true,"href":"https:\/\/agora.xtec.cat\/iesmiquelbosch\/wp-json\/wp\/v2\/tags?post=946"}],"curies":[{"name":"wp","href":"https:\/\/api.w.org\/{rel}","templated":true}]}}