{"id":941,"date":"2014-11-03T22:28:40","date_gmt":"2014-11-03T21:28:40","guid":{"rendered":"http:\/\/agora.xtec.cat\/iesmiquelbosch\/general\/jornades-per-lequilibri-curs-14-15\/"},"modified":"2016-07-20T16:03:38","modified_gmt":"2016-07-20T15:03:38","slug":"jornades-per-lequilibri-curs-14-15","status":"publish","type":"post","link":"https:\/\/agora.xtec.cat\/iesmiquelbosch\/general\/jornades-per-lequilibri-curs-14-15\/","title":{"rendered":"Jornades per l&#8217;equilibri curs 14-15"},"content":{"rendered":"<p style=\"text-align: center;\"><font face=\"arial, helvetica, sans-serif\" size=\"5\" style=\"color: #960067;\"><strong>Jornades per l&#8217;equilibri curs 14-15<\/strong><\/font><\/p>\n<\/p>\n<div style=\"text-align: justify;\">\n<p><span style=\"font-family: arial,helvetica,sans-serif; font-size: large; color: #960067;\">Les Jornades per l&#8217;equilibri tindran lloc al llarg d&#8217;aquesta setmana i la vinent, segons el seg\u00fcent calendari. Per saber quines s\u00f3n les activitats previstes, cliqueu sobre el nom de cada curs.<\/span><\/p>\n<\/p><\/div>\n<p><font face=\"arial, helvetica, sans-serif\" size=\"4\" style=\"color: #960067;\"> <\/p>\n<div style=\"text-align: justify;\">\u00b7 <a target=\"_blank\" href=\"https:\/\/drive.google.com\/file\/d\/0BxtpwwkeygjyV1JhT2lCM2NvQmM\/view?usp=sharing\">1r ESO<\/a>: 11 de novembre<\/div>\n<div style=\"text-align: justify;\">\u00b7 <a target=\"_blank\" href=\"https:\/\/drive.google.com\/file\/d\/0BxtpwwkeygjyaHFCenEzR3NnR2s\/view?usp=sharing\">2n ESO<\/a>: 5 de novembre<\/div>\n<div style=\"text-align: justify;\">\u00b7 <a target=\"_blank\" href=\"https:\/\/drive.google.com\/file\/d\/0BxtpwwkeygjyQnBmemlFbUJ3eEE\/view?usp=sharing\">3r ESO<\/a>: 7 de novembre<\/div>\n<div style=\"text-align: justify;\">\u00b7 <a target=\"_blank\" href=\"https:\/\/drive.google.com\/file\/d\/0BxtpwwkeygjyYnZaYWdDeF83Z28\/view?usp=sharing\">4t ESO<\/a>: 13 de novembre<\/div>\n<p><\/font> <\/p>\n<p>&nbsp;<\/p>\n<p style=\"text-align: justify;\"><font face=\"arial, helvetica, sans-serif\" size=\"4\" style=\"color: #960067;\">Recordeu tamb\u00e9 que aquest dimecres, 5 de novembre, es far\u00e0 una xerrada adre\u00e7ada als pares a c\u00e0rrec de la &quot;Fundaci\u00f3n Alcohol y Sociedad&quot;. &nbsp;Ser\u00e0 a les 19:00 h a l&#8217;institut. <br \/><\/font><\/p>\n","protected":false},"excerpt":{"rendered":"<p>Jornades per l&#8217;equilibri curs 14-15<\/p>\n<p>Les Jornades per l&#8217;equilibri tindran lloc al llarg d&#8217;aquesta setmana i la vinent, segons el seg\u00fcent calendari. Per saber quines s\u00f3n les activitats previstes, cliqueu sobre el nom de cada curs.<\/p>\n<p>\u00b7 <a target=\"_blank\" href=\"https:\/\/drive.google.com\/file\/d\/0BxtpwwkeygjyV1JhT2lCM2NvQmM\/view?usp=sharing\">1r ESO<\/a>: 11 de novembre<br \/>\n\u00b7 <a target=\"_blank\"&hellip;  <a href=\"https:\/\/agora.xtec.cat\/iesmiquelbosch\/general\/jornades-per-lequilibri-curs-14-15\/\" title=\"Read Jornades per l&#8217;equilibri curs 14-15\">Llegeix m\u00e9s\u00bb<\/a><\/p>\n","protected":false},"author":4,"featured_media":0,"comment_status":"open","ping_status":"open","sticky":false,"template":"","format":"standard","meta":{"_bbp_topic_count":0,"_bbp_reply_count":0,"_bbp_total_topic_count":0,"_bbp_total_reply_count":0,"_bbp_voice_count":0,"_bbp_anonymous_reply_count":0,"_bbp_topic_count_hidden":0,"_bbp_reply_count_hidden":0,"_bbp_forum_subforum_count":0,"footnotes":""},"categories":[1],"tags":[70,73],"class_list":["post-941","post","type-post","status-publish","format-standard","hentry","category-general","tag-intraweb","tag-noticies"],"post_mailing_queue_ids":[],"_links":{"self":[{"href":"https:\/\/agora.xtec.cat\/iesmiquelbosch\/wp-json\/wp\/v2\/posts\/941","targetHints":{"allow":["GET"]}}],"collection":[{"href":"https:\/\/agora.xtec.cat\/iesmiquelbosch\/wp-json\/wp\/v2\/posts"}],"about":[{"href":"https:\/\/agora.xtec.cat\/iesmiquelbosch\/wp-json\/wp\/v2\/types\/post"}],"author":[{"embeddable":true,"href":"https:\/\/agora.xtec.cat\/iesmiquelbosch\/wp-json\/wp\/v2\/users\/4"}],"replies":[{"embeddable":true,"href":"https:\/\/agora.xtec.cat\/iesmiquelbosch\/wp-json\/wp\/v2\/comments?post=941"}],"version-history":[{"count":1,"href":"https:\/\/agora.xtec.cat\/iesmiquelbosch\/wp-json\/wp\/v2\/posts\/941\/revisions"}],"predecessor-version":[{"id":1676,"href":"https:\/\/agora.xtec.cat\/iesmiquelbosch\/wp-json\/wp\/v2\/posts\/941\/revisions\/1676"}],"wp:attachment":[{"href":"https:\/\/agora.xtec.cat\/iesmiquelbosch\/wp-json\/wp\/v2\/media?parent=941"}],"wp:term":[{"taxonomy":"category","embeddable":true,"href":"https:\/\/agora.xtec.cat\/iesmiquelbosch\/wp-json\/wp\/v2\/categories?post=941"},{"taxonomy":"post_tag","embeddable":true,"href":"https:\/\/agora.xtec.cat\/iesmiquelbosch\/wp-json\/wp\/v2\/tags?post=941"}],"curies":[{"name":"wp","href":"https:\/\/api.w.org\/{rel}","templated":true}]}}