{"id":940,"date":"2014-10-30T11:07:49","date_gmt":"2014-10-30T10:07:49","guid":{"rendered":"http:\/\/agora.xtec.cat\/iesmiquelbosch\/general\/31-doctubre-festa-de-lliure-disposicio\/"},"modified":"2016-07-20T16:03:38","modified_gmt":"2016-07-20T15:03:38","slug":"31-doctubre-festa-de-lliure-disposicio","status":"publish","type":"post","link":"https:\/\/agora.xtec.cat\/iesmiquelbosch\/general\/31-doctubre-festa-de-lliure-disposicio\/","title":{"rendered":"31 d&#8217;octubre Festa de lliure disposici\u00f3"},"content":{"rendered":"<p> <font face=\"arial,helvetica,sans-serif\" size=\"5\"><span style=\"color: #5200ff;\">31 D&#8217;OCTUBRE, FESTA DE LLIURE DISPOSICI\u00d3<\/span><\/font><\/p>\n<p><span style=\"color: #5200ff;\"><font face=\"arial,helvetica,sans-serif\" size=\"4\">Us recordem que dem\u00e0 divendres, 31 d&#8217;octubre no hi haur\u00e0 classe ja que \u00e9s un dia de lliure disposici\u00f3 acordat al Consell Escolar Municipal.<\/font><\/span> <\/p>\n","protected":false},"excerpt":{"rendered":"<p> 31 D&#8217;OCTUBRE, FESTA DE LLIURE DISPOSICI\u00d3<br \/>\nUs recordem que dem\u00e0 divendres, 31 d&#8217;octubre no hi haur\u00e0 classe ja que \u00e9s un dia de lliure disposici\u00f3 acordat al Consell Escolar Municipal. <\/p>\n","protected":false},"author":33,"featured_media":0,"comment_status":"open","ping_status":"open","sticky":false,"template":"","format":"standard","meta":{"_bbp_topic_count":0,"_bbp_reply_count":0,"_bbp_total_topic_count":0,"_bbp_total_reply_count":0,"_bbp_voice_count":0,"_bbp_anonymous_reply_count":0,"_bbp_topic_count_hidden":0,"_bbp_reply_count_hidden":0,"_bbp_forum_subforum_count":0,"footnotes":""},"categories":[1],"tags":[70,73],"class_list":["post-940","post","type-post","status-publish","format-standard","hentry","category-general","tag-intraweb","tag-noticies"],"post_mailing_queue_ids":[],"_links":{"self":[{"href":"https:\/\/agora.xtec.cat\/iesmiquelbosch\/wp-json\/wp\/v2\/posts\/940","targetHints":{"allow":["GET"]}}],"collection":[{"href":"https:\/\/agora.xtec.cat\/iesmiquelbosch\/wp-json\/wp\/v2\/posts"}],"about":[{"href":"https:\/\/agora.xtec.cat\/iesmiquelbosch\/wp-json\/wp\/v2\/types\/post"}],"author":[{"embeddable":true,"href":"https:\/\/agora.xtec.cat\/iesmiquelbosch\/wp-json\/wp\/v2\/users\/33"}],"replies":[{"embeddable":true,"href":"https:\/\/agora.xtec.cat\/iesmiquelbosch\/wp-json\/wp\/v2\/comments?post=940"}],"version-history":[{"count":1,"href":"https:\/\/agora.xtec.cat\/iesmiquelbosch\/wp-json\/wp\/v2\/posts\/940\/revisions"}],"predecessor-version":[{"id":1675,"href":"https:\/\/agora.xtec.cat\/iesmiquelbosch\/wp-json\/wp\/v2\/posts\/940\/revisions\/1675"}],"wp:attachment":[{"href":"https:\/\/agora.xtec.cat\/iesmiquelbosch\/wp-json\/wp\/v2\/media?parent=940"}],"wp:term":[{"taxonomy":"category","embeddable":true,"href":"https:\/\/agora.xtec.cat\/iesmiquelbosch\/wp-json\/wp\/v2\/categories?post=940"},{"taxonomy":"post_tag","embeddable":true,"href":"https:\/\/agora.xtec.cat\/iesmiquelbosch\/wp-json\/wp\/v2\/tags?post=940"}],"curies":[{"name":"wp","href":"https:\/\/api.w.org\/{rel}","templated":true}]}}