{"id":9310,"date":"2022-09-06T19:18:50","date_gmt":"2022-09-06T17:18:50","guid":{"rendered":"https:\/\/agora.xtec.cat\/iesmiquelbosch\/?p=9310"},"modified":"2022-09-12T12:50:58","modified_gmt":"2022-09-12T10:50:58","slug":"informacions-inici-de-curs-22-23","status":"publish","type":"post","link":"https:\/\/agora.xtec.cat\/iesmiquelbosch\/general\/informacions-inici-de-curs-22-23\/","title":{"rendered":"Informacions inici de curs 22-23"},"content":{"rendered":"<p>Dem\u00e0, 7 de setembre, iniciem el nou curs 22-23. Recordeu que:<\/p>\n<ul>\n<li>Heu d&#8217;entrar tots per la porta del C. Montserrat, \u00e9s a dir, davant d&#8217;on paren els autobusos amb els alumnes transportats. Tingueu en compte que el carrer Arquitecte Gaud\u00ed est\u00e0 en obres i, per tant, no podreu accedir en cotxe per aquest carrer.<\/li>\n<li>Els alumnes de 1r d&#8217;ESO us heu d&#8217;esperar al pati, on us vindran a buscar els tutors\/es. La resta d&#8217;alumnes ja podr\u00e0 pujar cap a les aules i entrar a la seva classe. Recordeu que heu rebut un correu del centre on se us indica quin \u00e9s el vostre grup. La distribuci\u00f3 de les aules \u00e9s la dels \u00faltims anys: al primer pis, 1r i 2n d&#8217;ESO; al segon pis, 3r i 4t d&#8217;ESO; a les aules de l&#8217;edifici vell, 1r BTX; i a les aules prefabricades, 2n BTX.<\/li>\n<li>Dem\u00e0 farem tutoria de 8:00 a 10:00h. A partir de les 10:20 comen\u00e7arem les classes en horari normal. Podeu consultar els horaris en aquesta mateixa p\u00e0gina, en la imatge\u00a0<em>Informacions curs 22-23.<\/em><\/li>\n<li>El servei de cantina estar\u00e0 disponible els dos patis.<\/li>\n<li>Heu de portar estris d&#8217;escriptura: estoig i fulls.<\/li>\n<\/ul>\n","protected":false},"excerpt":{"rendered":"<p>Dem\u00e0, 7 de setembre, iniciem el nou curs 22-23. Recordeu que:<\/p>\n<ul>\n<li>Heu d&#8217;entrar tots per la porta del C. Montserrat, \u00e9s a dir, davant d&#8217;on paren els autobusos amb els alumnes transportats. Tingueu en compte que el carrer Arquitecte Gaud\u00ed est\u00e0 en obres i, per tant,&hellip;  <a href=\"https:\/\/agora.xtec.cat\/iesmiquelbosch\/general\/informacions-inici-de-curs-22-23\/\" title=\"Read Informacions inici de curs 22-23\">Llegeix m\u00e9s\u00bb<\/a><br \/>\n","protected":false},"author":1,"featured_media":9296,"comment_status":"closed","ping_status":"closed","sticky":false,"template":"","format":"standard","meta":{"_bbp_topic_count":0,"_bbp_reply_count":0,"_bbp_total_topic_count":0,"_bbp_total_reply_count":0,"_bbp_voice_count":0,"_bbp_anonymous_reply_count":0,"_bbp_topic_count_hidden":0,"_bbp_reply_count_hidden":0,"_bbp_forum_subforum_count":0,"footnotes":""},"categories":[1],"tags":[],"class_list":["post-9310","post","type-post","status-publish","format-standard","has-post-thumbnail","hentry","category-general"],"post_mailing_queue_ids":[],"_links":{"self":[{"href":"https:\/\/agora.xtec.cat\/iesmiquelbosch\/wp-json\/wp\/v2\/posts\/9310","targetHints":{"allow":["GET"]}}],"collection":[{"href":"https:\/\/agora.xtec.cat\/iesmiquelbosch\/wp-json\/wp\/v2\/posts"}],"about":[{"href":"https:\/\/agora.xtec.cat\/iesmiquelbosch\/wp-json\/wp\/v2\/types\/post"}],"author":[{"embeddable":true,"href":"https:\/\/agora.xtec.cat\/iesmiquelbosch\/wp-json\/wp\/v2\/users\/1"}],"replies":[{"embeddable":true,"href":"https:\/\/agora.xtec.cat\/iesmiquelbosch\/wp-json\/wp\/v2\/comments?post=9310"}],"version-history":[{"count":4,"href":"https:\/\/agora.xtec.cat\/iesmiquelbosch\/wp-json\/wp\/v2\/posts\/9310\/revisions"}],"predecessor-version":[{"id":9316,"href":"https:\/\/agora.xtec.cat\/iesmiquelbosch\/wp-json\/wp\/v2\/posts\/9310\/revisions\/9316"}],"wp:featuredmedia":[{"embeddable":true,"href":"https:\/\/agora.xtec.cat\/iesmiquelbosch\/wp-json\/wp\/v2\/media\/9296"}],"wp:attachment":[{"href":"https:\/\/agora.xtec.cat\/iesmiquelbosch\/wp-json\/wp\/v2\/media?parent=9310"}],"wp:term":[{"taxonomy":"category","embeddable":true,"href":"https:\/\/agora.xtec.cat\/iesmiquelbosch\/wp-json\/wp\/v2\/categories?post=9310"},{"taxonomy":"post_tag","embeddable":true,"href":"https:\/\/agora.xtec.cat\/iesmiquelbosch\/wp-json\/wp\/v2\/tags?post=9310"}],"curies":[{"name":"wp","href":"https:\/\/api.w.org\/{rel}","templated":true}]}}