{"id":929,"date":"2014-09-10T12:48:13","date_gmt":"2014-09-10T11:48:13","guid":{"rendered":"http:\/\/agora.xtec.cat\/iesmiquelbosch\/general\/informacions-inici-de-curs-iii-2\/"},"modified":"2016-07-20T16:03:37","modified_gmt":"2016-07-20T15:03:37","slug":"informacions-inici-de-curs-iii-2","status":"publish","type":"post","link":"https:\/\/agora.xtec.cat\/iesmiquelbosch\/general\/informacions-inici-de-curs-iii-2\/","title":{"rendered":"Informacions inici de curs (III)"},"content":{"rendered":"<p align=\"center\" style=\"font-size: 11.8182px; font-family: Tahoma,Verdana,Arial,Helvetica,sans-serif;\"><strong><font size=\"5\"><span style=\"color: #0003ff;\"><font face=\"arial,helvetica,sans-serif\">Inici de curs 14-15<\/font><\/span><\/font><\/strong><\/p>\n<p align=\"justify\" style=\"font-size: 11.8182px; font-family: Tahoma,Verdana,Arial,Helvetica,sans-serif;\"><span style=\"color: #0003ff;\"><font size=\"4\" face=\"arial,helvetica,sans-serif\">Dilluns, 15 de setembre, comen\u00e7arem un nou curs escolar.<\/font><\/span><\/p>\n<p align=\"justify\" style=\"font-size: 11.8182px; font-family: Tahoma,Verdana,Arial,Helvetica,sans-serif;\"><span style=\"color: #0003ff;\"><font size=\"4\" face=\"arial,helvetica,sans-serif\">Tots els alumnes (excepte 4t d&#8217;ESO Br\u00faixola), esteu convocats a la vostra aula a les 8:00 hores del mat\u00ed. L&#8217;alumnat de 4t ESO Br\u00faixola esteu convocats a les 8:00 hores a l&#8217;aula de Tecno I.<br \/><\/font><\/span><\/p>\n<p align=\"justify\" style=\"font-size: 11.8182px; font-family: Tahoma,Verdana,Arial,Helvetica,sans-serif;\"><span style=\"color: #0003ff;\"><font size=\"4\" face=\"arial,helvetica,sans-serif\">Enguany trobareu les llistes dels grups classe al pati i a la porta de les aules. Recordeu que al primer pis hi ha els grups de 3r ESO i 4t ESO; al segon pis, 1r ESO i 2n ESO; a les cargoleres, 2n BTX i finalment, a l&#8217;edifici vell, 1r BTX A i B.<\/font><\/span><\/p>\n<p align=\"justify\" style=\"font-size: 11.8182px; font-family: Tahoma,Verdana,Arial,Helvetica,sans-serif;\"><span style=\"color: #0003ff;\"><font size=\"4\" face=\"arial,helvetica,sans-serif\">Els alumnes de 1r ESO haureu de quedar-vos al pati i, una vegada organitzats per grups, sereu acompanyants a les aules pel tutor\/a. La resta d&#8217;alumnes heu d&#8217;anar a la vostra aula directament.<\/font><\/span><\/p>\n<p align=\"justify\" style=\"font-size: 11.8182px; font-family: Tahoma,Verdana,Arial,Helvetica,sans-serif;\"><span style=\"color: #0003ff;\"><font size=\"4\" face=\"arial,helvetica,sans-serif\">Recordeu que el primer dia de classe nom\u00e9s cal portar estoig i una llibreta. Aquest dia us donarem l&#8217;agenda i l&#8217;horari del vostre grup. A partir de segona hora seguireu el vostre horari normal.<br \/><\/font><\/span><\/p>\n<p align=\"justify\" style=\"font-size: 11.8182px; font-family: Tahoma,Verdana,Arial,Helvetica,sans-serif;\"><span style=\"color: #0003ff;\"><font size=\"4\" face=\"arial,helvetica,sans-serif\">Si voleu consultar els horaris i les parades del transport escolar podeu fer-ho des d&#8217;<a href=\"http:\/\/www.ccbages.cat\/serveis\/educacio\/2\" target=\"_blank\" style=\"color: #457fb9; text-decoration: none;\"><strong>aqu\u00ed<\/strong><\/a>.<\/font><\/span><\/p>\n<p align=\"justify\" style=\"font-size: 11.8182px; font-family: Tahoma,Verdana,Arial,Helvetica,sans-serif;\"><span style=\"color: #0003ff;\"><font size=\"4\" face=\"arial,helvetica,sans-serif\">Bon inici de curs!<\/font><\/span><\/p>\n","protected":false},"excerpt":{"rendered":"<p>Inici de curs 14-15<br \/>\nDilluns, 15 de setembre, comen\u00e7arem un nou curs escolar.<br \/>\nTots els alumnes (excepte 4t d&#8217;ESO Br\u00faixola), esteu convocats a la vostra aula a les 8:00 hores del mat\u00ed. L&#8217;alumnat de 4t ESO Br\u00faixola esteu convocats a les 8:00 hores a l&#8217;aula de Tecno&hellip;  <a href=\"https:\/\/agora.xtec.cat\/iesmiquelbosch\/general\/informacions-inici-de-curs-iii-2\/\" title=\"Read Informacions inici de curs (III)\">Llegeix m\u00e9s\u00bb<\/a><\/p>\n","protected":false},"author":4,"featured_media":0,"comment_status":"open","ping_status":"open","sticky":false,"template":"","format":"standard","meta":{"_bbp_topic_count":0,"_bbp_reply_count":0,"_bbp_total_topic_count":0,"_bbp_total_reply_count":0,"_bbp_voice_count":0,"_bbp_anonymous_reply_count":0,"_bbp_topic_count_hidden":0,"_bbp_reply_count_hidden":0,"_bbp_forum_subforum_count":0,"footnotes":""},"categories":[1],"tags":[70,73],"class_list":["post-929","post","type-post","status-publish","format-standard","hentry","category-general","tag-intraweb","tag-noticies"],"post_mailing_queue_ids":[],"_links":{"self":[{"href":"https:\/\/agora.xtec.cat\/iesmiquelbosch\/wp-json\/wp\/v2\/posts\/929","targetHints":{"allow":["GET"]}}],"collection":[{"href":"https:\/\/agora.xtec.cat\/iesmiquelbosch\/wp-json\/wp\/v2\/posts"}],"about":[{"href":"https:\/\/agora.xtec.cat\/iesmiquelbosch\/wp-json\/wp\/v2\/types\/post"}],"author":[{"embeddable":true,"href":"https:\/\/agora.xtec.cat\/iesmiquelbosch\/wp-json\/wp\/v2\/users\/4"}],"replies":[{"embeddable":true,"href":"https:\/\/agora.xtec.cat\/iesmiquelbosch\/wp-json\/wp\/v2\/comments?post=929"}],"version-history":[{"count":1,"href":"https:\/\/agora.xtec.cat\/iesmiquelbosch\/wp-json\/wp\/v2\/posts\/929\/revisions"}],"predecessor-version":[{"id":1664,"href":"https:\/\/agora.xtec.cat\/iesmiquelbosch\/wp-json\/wp\/v2\/posts\/929\/revisions\/1664"}],"wp:attachment":[{"href":"https:\/\/agora.xtec.cat\/iesmiquelbosch\/wp-json\/wp\/v2\/media?parent=929"}],"wp:term":[{"taxonomy":"category","embeddable":true,"href":"https:\/\/agora.xtec.cat\/iesmiquelbosch\/wp-json\/wp\/v2\/categories?post=929"},{"taxonomy":"post_tag","embeddable":true,"href":"https:\/\/agora.xtec.cat\/iesmiquelbosch\/wp-json\/wp\/v2\/tags?post=929"}],"curies":[{"name":"wp","href":"https:\/\/api.w.org\/{rel}","templated":true}]}}