{"id":881,"date":"2014-02-19T12:22:18","date_gmt":"2014-02-19T11:22:18","guid":{"rendered":"http:\/\/agora.xtec.cat\/iesmiquelbosch\/general\/logo-samarretes-pro-viatge-final-detapa-4t-deso-2014\/"},"modified":"2016-09-21T16:26:15","modified_gmt":"2016-09-21T15:26:15","slug":"logo-samarretes-pro-viatge-final-detapa-4t-deso-2014","status":"publish","type":"post","link":"https:\/\/agora.xtec.cat\/iesmiquelbosch\/general\/logo-samarretes-pro-viatge-final-detapa-4t-deso-2014\/","title":{"rendered":"LOGO SAMARRETES PRO VIATGE FINAL D&#8217;ETAPA 4t D&#8217;ESO 2014"},"content":{"rendered":"<p style=\"text-align: center;\"><span style=\"color: #5200ff; font-family: arial, helvetica, sans-serif; font-size: x-large;\">LOGO SAMARRETES PRO VIATGE FINAL D&#8217;ETAPA 4t D&#8217;ESO 2014<\/span><\/p>\n<p><span style=\"color: #5200ff; font-family: arial, helvetica, sans-serif; font-size: large;\">Aquest logo, dissenyat per un alumne de 4t C, Cristian Duran, servir\u00e0 per decorar les samarretes que, molt properament, es vendran a l&#8217;institut.<\/span><\/p>\n<p><span style=\"color: #5200ff; font-family: arial, helvetica, sans-serif; font-size: large;\">La finalitat de la venda \u00e9s ajudar a finan\u00e7ar el cost del viatge dels alumnes de 4t d&#8217;ESO que enguany ser\u00e0 a Mallorca.<\/span><\/p>\n<p><span style=\"color: #5200ff; font-family: arial, helvetica, sans-serif; font-size: large;\">El proper dijous 27 de febrer, alumnes de 4t d&#8217;ESO passaran per les classes a l&#8217;hora de tutoria per prendre nota de la comanda.<\/span><\/p>\n<p><span style=\"color: #5200ff; font-family: arial, helvetica, sans-serif; font-size: large;\">A l&#8217;hora d&#8217;encomanar la samarreta heu de tenir en compte:<\/span><\/p>\n<p><span style=\"color: #5200ff; font-family: arial, helvetica, sans-serif; font-size: large;\">\u00a0Model = noi o noia<\/span><\/p>\n<p><span style=\"color: #5200ff; font-family: arial, helvetica, sans-serif; font-size: large;\">Talla= S, M, L, XL<\/span><\/p>\n<p><span style=\"color: #5200ff; font-family: arial, helvetica, sans-serif; font-size: large;\">El preu aproximat ser\u00e0 de 8,50 Euros<\/span><\/p>\n<p><span style=\"color: #5200ff; font-family: arial, helvetica, sans-serif; font-size: large;\">Sigueu generosos i compreu-la!!!<\/span><\/p>\n<p><a href=\"http:\/\/agora.xtec.cat\/iesmiquelbosch\/wp-content\/uploads\/usu626\/2014\/02\/Lets.jpg\"><img loading=\"lazy\" decoding=\"async\" class=\"alignnone size-large wp-image-2516\" src=\"http:\/\/agora.xtec.cat\/iesmiquelbosch\/wp-content\/uploads\/usu626\/2014\/02\/Lets-1024x768.jpg\" alt=\"Lets\" width=\"1024\" height=\"768\" srcset=\"https:\/\/agora.xtec.cat\/iesmiquelbosch\/wp-content\/uploads\/usu626\/2014\/02\/Lets.jpg 1024w, https:\/\/agora.xtec.cat\/iesmiquelbosch\/wp-content\/uploads\/usu626\/2014\/02\/Lets-300x225.jpg 300w, https:\/\/agora.xtec.cat\/iesmiquelbosch\/wp-content\/uploads\/usu626\/2014\/02\/Lets-768x576.jpg 768w, https:\/\/agora.xtec.cat\/iesmiquelbosch\/wp-content\/uploads\/usu626\/2014\/02\/Lets-200x150.jpg 200w\" sizes=\"auto, (max-width: 1024px) 100vw, 1024px\" \/><\/a><\/p>\n","protected":false},"excerpt":{"rendered":"<p>LOGO SAMARRETES PRO VIATGE FINAL D&#8217;ETAPA 4t D&#8217;ESO 2014<br \/>\nAquest logo, dissenyat per un alumne de 4t C, Cristian Duran, servir\u00e0 per decorar les samarretes que, molt properament, es vendran a l&#8217;institut.<br \/>\nLa finalitat de la venda \u00e9s ajudar a finan\u00e7ar el cost del viatge dels alumnes&hellip;  <a href=\"https:\/\/agora.xtec.cat\/iesmiquelbosch\/general\/logo-samarretes-pro-viatge-final-detapa-4t-deso-2014\/\" title=\"Read LOGO SAMARRETES PRO VIATGE FINAL D&#8217;ETAPA 4t D&#8217;ESO 2014\">Llegeix m\u00e9s\u00bb<\/a><\/p>\n","protected":false},"author":33,"featured_media":2516,"comment_status":"open","ping_status":"open","sticky":false,"template":"","format":"standard","meta":{"_bbp_topic_count":0,"_bbp_reply_count":0,"_bbp_total_topic_count":0,"_bbp_total_reply_count":0,"_bbp_voice_count":0,"_bbp_anonymous_reply_count":0,"_bbp_topic_count_hidden":0,"_bbp_reply_count_hidden":0,"_bbp_forum_subforum_count":0,"footnotes":""},"categories":[1],"tags":[70,73],"class_list":["post-881","post","type-post","status-publish","format-standard","has-post-thumbnail","hentry","category-general","tag-intraweb","tag-noticies"],"post_mailing_queue_ids":[],"_links":{"self":[{"href":"https:\/\/agora.xtec.cat\/iesmiquelbosch\/wp-json\/wp\/v2\/posts\/881","targetHints":{"allow":["GET"]}}],"collection":[{"href":"https:\/\/agora.xtec.cat\/iesmiquelbosch\/wp-json\/wp\/v2\/posts"}],"about":[{"href":"https:\/\/agora.xtec.cat\/iesmiquelbosch\/wp-json\/wp\/v2\/types\/post"}],"author":[{"embeddable":true,"href":"https:\/\/agora.xtec.cat\/iesmiquelbosch\/wp-json\/wp\/v2\/users\/33"}],"replies":[{"embeddable":true,"href":"https:\/\/agora.xtec.cat\/iesmiquelbosch\/wp-json\/wp\/v2\/comments?post=881"}],"version-history":[{"count":2,"href":"https:\/\/agora.xtec.cat\/iesmiquelbosch\/wp-json\/wp\/v2\/posts\/881\/revisions"}],"predecessor-version":[{"id":2517,"href":"https:\/\/agora.xtec.cat\/iesmiquelbosch\/wp-json\/wp\/v2\/posts\/881\/revisions\/2517"}],"wp:featuredmedia":[{"embeddable":true,"href":"https:\/\/agora.xtec.cat\/iesmiquelbosch\/wp-json\/wp\/v2\/media\/2516"}],"wp:attachment":[{"href":"https:\/\/agora.xtec.cat\/iesmiquelbosch\/wp-json\/wp\/v2\/media?parent=881"}],"wp:term":[{"taxonomy":"category","embeddable":true,"href":"https:\/\/agora.xtec.cat\/iesmiquelbosch\/wp-json\/wp\/v2\/categories?post=881"},{"taxonomy":"post_tag","embeddable":true,"href":"https:\/\/agora.xtec.cat\/iesmiquelbosch\/wp-json\/wp\/v2\/tags?post=881"}],"curies":[{"name":"wp","href":"https:\/\/api.w.org\/{rel}","templated":true}]}}