{"id":8507,"date":"2022-04-21T13:13:59","date_gmt":"2022-04-21T11:13:59","guid":{"rendered":"https:\/\/agora.xtec.cat\/iesmiquelbosch\/?p=8507"},"modified":"2022-09-04T23:26:32","modified_gmt":"2022-09-04T21:26:32","slug":"preinscripcio-i-matricula-batxillerat-22-23","status":"publish","type":"post","link":"https:\/\/agora.xtec.cat\/iesmiquelbosch\/general\/preinscripcio-i-matricula-batxillerat-22-23\/","title":{"rendered":"PREINSCRIPCI\u00d3 I MATR\u00cdCULA BATXILLERAT 22-23"},"content":{"rendered":"<p><a href=\"https:\/\/agora.xtec.cat\/iesmiquelbosch\/wp-content\/uploads\/usu626\/2022\/04\/batxillerat_OK-bola4.png_223078711-1.png\"><img loading=\"lazy\" decoding=\"async\" class=\"alignleft size-medium wp-image-8516\" src=\"https:\/\/agora.xtec.cat\/iesmiquelbosch\/wp-content\/uploads\/usu626\/2022\/04\/batxillerat_OK-bola4.png_223078711-1-300x169.png\" alt=\"\" width=\"300\" height=\"169\" srcset=\"https:\/\/agora.xtec.cat\/iesmiquelbosch\/wp-content\/uploads\/usu626\/2022\/04\/batxillerat_OK-bola4.png_223078711-1-300x169.png 300w, https:\/\/agora.xtec.cat\/iesmiquelbosch\/wp-content\/uploads\/usu626\/2022\/04\/batxillerat_OK-bola4.png_223078711-1-768x432.png 768w, https:\/\/agora.xtec.cat\/iesmiquelbosch\/wp-content\/uploads\/usu626\/2022\/04\/batxillerat_OK-bola4.png_223078711-1.png 832w\" sizes=\"auto, (max-width: 300px) 100vw, 300px\" \/><\/a><\/p>\n<p>&nbsp;<\/p>\n<p>&nbsp;<\/p>\n<p>&nbsp;<\/p>\n<p>&nbsp;<\/p>\n<ul>\n<li>Per\u00edode de <strong>preinscripci\u00f3<\/strong> Batxillerat (nou alumnat): del <strong>20 al 26 d&#8217;abril de 2022<\/strong><\/li>\n<li>Per\u00edode de <strong style=\"font-family: inherit; font-size: 1em;\">matr\u00edcula<\/strong><span style=\"font-family: inherit; font-size: 1em;\"><strong> ordin\u00e0ria Batxillerat<\/strong> (alumnat nou): del <\/span><strong style=\"font-family: inherit; font-size: 1em;\">23 al 29 de juny de 2022<\/strong><\/li>\n<li>per\u00edode de <strong>matr\u00edcula de continu\u00eftat Batxillerat<\/strong> (alumnat del centre): del<strong> 27 al 30 de juny de 2022<\/strong><\/li>\n<\/ul>\n<p>En aquest enlla\u00e7 accediu a la <a style=\"font-family: inherit; font-size: 1em;\" href=\"https:\/\/docs.google.com\/presentation\/d\/e\/2PACX-1vQfqXWB0Sexm0gMQpfvSUvvysud2Ocu2TlwTKkybPnT0AWv3qhz45FM_ubcnv_oA7M5Wh4snpmLRDzR\/pub?start=false&amp;loop=false&amp;delayms=3000&amp;slide=id.g11a8a086b24_2_45\">presentaci\u00f3<\/a><span style=\"font-family: inherit; font-size: 1em;\"> sobre orientaci\u00f3 acad\u00e8mica a 4t d&#8217;ESO, que va tenir lloc el dimarts 19 d&#8217;abril telem\u00e0ticament.<\/span><\/p>\n<p>Per fer la sol\u00b7licitud de preinscripci\u00f3 (nom\u00e9s nous alumnes) cliqueu <a style=\"font-family: inherit; font-size: 1em;\" href=\"https:\/\/preinscripcio.gencat.cat\/ca\/estudis\/batxillerat\/preinscriute\/sollicitud\/\">aqu\u00ed\u00a0<\/a><\/p>\n","protected":false},"excerpt":{"rendered":"<p><a href=\"https:\/\/agora.xtec.cat\/iesmiquelbosch\/wp-content\/uploads\/usu626\/2022\/04\/batxillerat_OK-bola4.png_223078711-1.png\"><\/a><br \/>\n&nbsp;<br \/>\n&nbsp;<br \/>\n&nbsp;<br \/>\n&nbsp;<\/p>\n<ul>\n<li>Per\u00edode de preinscripci\u00f3 Batxillerat (nou alumnat): del 20 al 26 d&#8217;abril de 2022<\/li>\n<li>Per\u00edode de matr\u00edcula ordin\u00e0ria Batxillerat (alumnat nou): del 23 al 29 de juny de 2022<\/li>\n<li>per\u00edode de matr\u00edcula de continu\u00eftat Batxillerat (alumnat del centre): del 27 al 30 de juny de 2022<\/li>\n<\/ul>\n<p>En aquest&hellip;  <a href=\"https:\/\/agora.xtec.cat\/iesmiquelbosch\/general\/preinscripcio-i-matricula-batxillerat-22-23\/\" title=\"Read PREINSCRIPCI\u00d3 I MATR\u00cdCULA BATXILLERAT 22-23\">Llegeix m\u00e9s\u00bb<\/a><\/p>\n","protected":false},"author":33,"featured_media":8516,"comment_status":"closed","ping_status":"closed","sticky":false,"template":"","format":"standard","meta":{"_bbp_topic_count":0,"_bbp_reply_count":0,"_bbp_total_topic_count":0,"_bbp_total_reply_count":0,"_bbp_voice_count":0,"_bbp_anonymous_reply_count":0,"_bbp_topic_count_hidden":0,"_bbp_reply_count_hidden":0,"_bbp_forum_subforum_count":0,"footnotes":""},"categories":[1],"tags":[],"class_list":["post-8507","post","type-post","status-publish","format-standard","has-post-thumbnail","hentry","category-general"],"post_mailing_queue_ids":[],"_links":{"self":[{"href":"https:\/\/agora.xtec.cat\/iesmiquelbosch\/wp-json\/wp\/v2\/posts\/8507","targetHints":{"allow":["GET"]}}],"collection":[{"href":"https:\/\/agora.xtec.cat\/iesmiquelbosch\/wp-json\/wp\/v2\/posts"}],"about":[{"href":"https:\/\/agora.xtec.cat\/iesmiquelbosch\/wp-json\/wp\/v2\/types\/post"}],"author":[{"embeddable":true,"href":"https:\/\/agora.xtec.cat\/iesmiquelbosch\/wp-json\/wp\/v2\/users\/33"}],"replies":[{"embeddable":true,"href":"https:\/\/agora.xtec.cat\/iesmiquelbosch\/wp-json\/wp\/v2\/comments?post=8507"}],"version-history":[{"count":4,"href":"https:\/\/agora.xtec.cat\/iesmiquelbosch\/wp-json\/wp\/v2\/posts\/8507\/revisions"}],"predecessor-version":[{"id":8616,"href":"https:\/\/agora.xtec.cat\/iesmiquelbosch\/wp-json\/wp\/v2\/posts\/8507\/revisions\/8616"}],"wp:featuredmedia":[{"embeddable":true,"href":"https:\/\/agora.xtec.cat\/iesmiquelbosch\/wp-json\/wp\/v2\/media\/8516"}],"wp:attachment":[{"href":"https:\/\/agora.xtec.cat\/iesmiquelbosch\/wp-json\/wp\/v2\/media?parent=8507"}],"wp:term":[{"taxonomy":"category","embeddable":true,"href":"https:\/\/agora.xtec.cat\/iesmiquelbosch\/wp-json\/wp\/v2\/categories?post=8507"},{"taxonomy":"post_tag","embeddable":true,"href":"https:\/\/agora.xtec.cat\/iesmiquelbosch\/wp-json\/wp\/v2\/tags?post=8507"}],"curies":[{"name":"wp","href":"https:\/\/api.w.org\/{rel}","templated":true}]}}