{"id":847,"date":"2013-09-05T00:19:39","date_gmt":"2013-09-04T23:19:39","guid":{"rendered":"http:\/\/agora.xtec.cat\/iesmiquelbosch\/general\/informacions-inici-de-curs-ii\/"},"modified":"2016-07-20T16:03:31","modified_gmt":"2016-07-20T15:03:31","slug":"informacions-inici-de-curs-ii","status":"publish","type":"post","link":"https:\/\/agora.xtec.cat\/iesmiquelbosch\/general\/informacions-inici-de-curs-ii\/","title":{"rendered":"Informacions inici de curs (II)"},"content":{"rendered":"<p align=\"center\"><strong><span style=\"color: #f07639;\"><font size=\"4\" face=\"arial,helvetica,sans-serif\"><font size=\"5\">Informacions inici de curs (II)<\/font><br \/>Lliurament de notes ex\u00e0mens setembre i de llibres d&#8217;Iddink curs 13-14<\/font><\/span><\/strong><\/p>\n<p align=\"justify\"><span style=\"color: #f07639;\"><font size=\"4\" face=\"arial,helvetica,sans-serif\">El divendres 6 de setembre es lliuraran:<br \/>\u00b7 les notes de les proves extraordin\u00e0ries de setembre, a les 13:30 hores,<br \/>\u00b7 els llibres d&#8217;Iddink del curs 13-14. \u00c9s previst que Iddink envi\u00ef un SMS dijous per informar a les fam\u00edlies del lliurament dels llibres. Si no rebeu aquest SMS pot ser b\u00e0sicament per dues raons:<br \/>&nbsp;&nbsp;&nbsp; &#8211; a la base de dades d&#8217;Iddink consta un n\u00famero de tel\u00e8fon que ja no utilitzeu i Iddink no s&#8217;ha pogut posar en contacte amb vosaltres.<br \/>&nbsp;&nbsp;&nbsp; &#8211; heu fet la comanda fa poc temps i Iddink no ha pogut preparar els vostres llibres.<br \/> De tota manera, podeu venir al centre divendres, de 9:30 a 13:30 h, si no heu rebut el SMS i voleu saber l&#8217;estat de la vostra comanda.<br \/>Tamb\u00e9 heu de saber que, a partir de la setmana vinent, Iddink enviar\u00e0 per missatger al vostre domicili els llibres que no hagi pogut lliurar el divendres.<\/font><\/span><\/p>\n","protected":false},"excerpt":{"rendered":"<p>Informacions inici de curs (II)Lliurament de notes ex\u00e0mens setembre i de llibres d&#8217;Iddink curs 13-14<br \/>\nEl divendres 6 de setembre es lliuraran:\u00b7 les notes de les proves extraordin\u00e0ries de setembre, a les 13:30 hores,\u00b7 els llibres d&#8217;Iddink del curs 13-14. \u00c9s previst que Iddink envi\u00ef un&hellip;  <a href=\"https:\/\/agora.xtec.cat\/iesmiquelbosch\/general\/informacions-inici-de-curs-ii\/\" title=\"Read Informacions inici de curs (II)\">Llegeix m\u00e9s\u00bb<\/a><\/p>\n","protected":false},"author":4,"featured_media":0,"comment_status":"open","ping_status":"open","sticky":false,"template":"","format":"standard","meta":{"_bbp_topic_count":0,"_bbp_reply_count":0,"_bbp_total_topic_count":0,"_bbp_total_reply_count":0,"_bbp_voice_count":0,"_bbp_anonymous_reply_count":0,"_bbp_topic_count_hidden":0,"_bbp_reply_count_hidden":0,"_bbp_forum_subforum_count":0,"footnotes":""},"categories":[1],"tags":[70,73],"class_list":["post-847","post","type-post","status-publish","format-standard","hentry","category-general","tag-intraweb","tag-noticies"],"post_mailing_queue_ids":[],"_links":{"self":[{"href":"https:\/\/agora.xtec.cat\/iesmiquelbosch\/wp-json\/wp\/v2\/posts\/847","targetHints":{"allow":["GET"]}}],"collection":[{"href":"https:\/\/agora.xtec.cat\/iesmiquelbosch\/wp-json\/wp\/v2\/posts"}],"about":[{"href":"https:\/\/agora.xtec.cat\/iesmiquelbosch\/wp-json\/wp\/v2\/types\/post"}],"author":[{"embeddable":true,"href":"https:\/\/agora.xtec.cat\/iesmiquelbosch\/wp-json\/wp\/v2\/users\/4"}],"replies":[{"embeddable":true,"href":"https:\/\/agora.xtec.cat\/iesmiquelbosch\/wp-json\/wp\/v2\/comments?post=847"}],"version-history":[{"count":1,"href":"https:\/\/agora.xtec.cat\/iesmiquelbosch\/wp-json\/wp\/v2\/posts\/847\/revisions"}],"predecessor-version":[{"id":1582,"href":"https:\/\/agora.xtec.cat\/iesmiquelbosch\/wp-json\/wp\/v2\/posts\/847\/revisions\/1582"}],"wp:attachment":[{"href":"https:\/\/agora.xtec.cat\/iesmiquelbosch\/wp-json\/wp\/v2\/media?parent=847"}],"wp:term":[{"taxonomy":"category","embeddable":true,"href":"https:\/\/agora.xtec.cat\/iesmiquelbosch\/wp-json\/wp\/v2\/categories?post=847"},{"taxonomy":"post_tag","embeddable":true,"href":"https:\/\/agora.xtec.cat\/iesmiquelbosch\/wp-json\/wp\/v2\/tags?post=847"}],"curies":[{"name":"wp","href":"https:\/\/api.w.org\/{rel}","templated":true}]}}