{"id":8450,"date":"2022-04-12T08:14:16","date_gmt":"2022-04-12T06:14:16","guid":{"rendered":"https:\/\/agora.xtec.cat\/iesmiquelbosch\/?p=8450"},"modified":"2022-04-12T08:15:56","modified_gmt":"2022-04-12T06:15:56","slug":"analisi-fisicoquimic-de-laigua","status":"publish","type":"post","link":"https:\/\/agora.xtec.cat\/iesmiquelbosch\/general\/analisi-fisicoquimic-de-laigua\/","title":{"rendered":"An\u00e0lisi fisicoqu\u00edmic de l&#8217;aigua"},"content":{"rendered":"<p>Els alumnes de 2n de Batxillerat que cursen el Cient\u00edfic van anar el 6 d&#8217;abril a Can Font, on van realitzar una an\u00e0lisi fisicoqu\u00edmica d&#8217;algunes mostres d&#8217;aigua dels seus pobles.<\/p>\n<p>Podeu veure m\u00e9s fotos a l&#8217;apartat habitual del web.<\/p>\n<p><a href=\"https:\/\/agora.xtec.cat\/iesmiquelbosch\/wp-content\/uploads\/usu626\/2022\/04\/0df567d4-a5b6-4764-b13c-4e43c047915e.jpg\"><img loading=\"lazy\" decoding=\"async\" class=\"alignnone size-large wp-image-8451\" src=\"https:\/\/agora.xtec.cat\/iesmiquelbosch\/wp-content\/uploads\/usu626\/2022\/04\/0df567d4-a5b6-4764-b13c-4e43c047915e-1024x577.jpg\" alt=\"\" width=\"1024\" height=\"577\" srcset=\"https:\/\/agora.xtec.cat\/iesmiquelbosch\/wp-content\/uploads\/usu626\/2022\/04\/0df567d4-a5b6-4764-b13c-4e43c047915e-1024x577.jpg 1024w, https:\/\/agora.xtec.cat\/iesmiquelbosch\/wp-content\/uploads\/usu626\/2022\/04\/0df567d4-a5b6-4764-b13c-4e43c047915e-300x169.jpg 300w, https:\/\/agora.xtec.cat\/iesmiquelbosch\/wp-content\/uploads\/usu626\/2022\/04\/0df567d4-a5b6-4764-b13c-4e43c047915e-768x432.jpg 768w, https:\/\/agora.xtec.cat\/iesmiquelbosch\/wp-content\/uploads\/usu626\/2022\/04\/0df567d4-a5b6-4764-b13c-4e43c047915e-1536x865.jpg 1536w, https:\/\/agora.xtec.cat\/iesmiquelbosch\/wp-content\/uploads\/usu626\/2022\/04\/0df567d4-a5b6-4764-b13c-4e43c047915e.jpg 2048w\" sizes=\"auto, (max-width: 1024px) 100vw, 1024px\" \/><\/a> <a href=\"https:\/\/agora.xtec.cat\/iesmiquelbosch\/wp-content\/uploads\/usu626\/2022\/04\/c48be561-b10e-4e7b-a061-d0fcfc17e7e0.jpg\"><img loading=\"lazy\" decoding=\"async\" class=\"alignnone size-large wp-image-8452\" src=\"https:\/\/agora.xtec.cat\/iesmiquelbosch\/wp-content\/uploads\/usu626\/2022\/04\/c48be561-b10e-4e7b-a061-d0fcfc17e7e0-1024x577.jpg\" alt=\"\" width=\"1024\" height=\"577\" srcset=\"https:\/\/agora.xtec.cat\/iesmiquelbosch\/wp-content\/uploads\/usu626\/2022\/04\/c48be561-b10e-4e7b-a061-d0fcfc17e7e0-1024x577.jpg 1024w, https:\/\/agora.xtec.cat\/iesmiquelbosch\/wp-content\/uploads\/usu626\/2022\/04\/c48be561-b10e-4e7b-a061-d0fcfc17e7e0-300x169.jpg 300w, https:\/\/agora.xtec.cat\/iesmiquelbosch\/wp-content\/uploads\/usu626\/2022\/04\/c48be561-b10e-4e7b-a061-d0fcfc17e7e0-768x432.jpg 768w, https:\/\/agora.xtec.cat\/iesmiquelbosch\/wp-content\/uploads\/usu626\/2022\/04\/c48be561-b10e-4e7b-a061-d0fcfc17e7e0-1536x865.jpg 1536w, https:\/\/agora.xtec.cat\/iesmiquelbosch\/wp-content\/uploads\/usu626\/2022\/04\/c48be561-b10e-4e7b-a061-d0fcfc17e7e0.jpg 2048w\" sizes=\"auto, (max-width: 1024px) 100vw, 1024px\" \/><\/a><\/p>\n","protected":false},"excerpt":{"rendered":"<p>Els alumnes de 2n de Batxillerat que cursen el Cient\u00edfic van anar el 6 d&#8217;abril a Can Font, on van realitzar una an\u00e0lisi fisicoqu\u00edmica d&#8217;algunes mostres d&#8217;aigua dels seus pobles.<br \/>\nPodeu veure m\u00e9s fotos a l&#8217;apartat habitual del web.<br \/>\n<a href=\"https:\/\/agora.xtec.cat\/iesmiquelbosch\/wp-content\/uploads\/usu626\/2022\/04\/0df567d4-a5b6-4764-b13c-4e43c047915e.jpg\"><\/a> <a href=\"https:\/\/agora.xtec.cat\/iesmiquelbosch\/wp-content\/uploads\/usu626\/2022\/04\/c48be561-b10e-4e7b-a061-d0fcfc17e7e0.jpg\"><\/a><\/p>\n","protected":false},"author":1,"featured_media":8452,"comment_status":"closed","ping_status":"closed","sticky":false,"template":"","format":"standard","meta":{"_bbp_topic_count":0,"_bbp_reply_count":0,"_bbp_total_topic_count":0,"_bbp_total_reply_count":0,"_bbp_voice_count":0,"_bbp_anonymous_reply_count":0,"_bbp_topic_count_hidden":0,"_bbp_reply_count_hidden":0,"_bbp_forum_subforum_count":0,"footnotes":""},"categories":[1],"tags":[],"class_list":["post-8450","post","type-post","status-publish","format-standard","has-post-thumbnail","hentry","category-general"],"post_mailing_queue_ids":[],"_links":{"self":[{"href":"https:\/\/agora.xtec.cat\/iesmiquelbosch\/wp-json\/wp\/v2\/posts\/8450","targetHints":{"allow":["GET"]}}],"collection":[{"href":"https:\/\/agora.xtec.cat\/iesmiquelbosch\/wp-json\/wp\/v2\/posts"}],"about":[{"href":"https:\/\/agora.xtec.cat\/iesmiquelbosch\/wp-json\/wp\/v2\/types\/post"}],"author":[{"embeddable":true,"href":"https:\/\/agora.xtec.cat\/iesmiquelbosch\/wp-json\/wp\/v2\/users\/1"}],"replies":[{"embeddable":true,"href":"https:\/\/agora.xtec.cat\/iesmiquelbosch\/wp-json\/wp\/v2\/comments?post=8450"}],"version-history":[{"count":2,"href":"https:\/\/agora.xtec.cat\/iesmiquelbosch\/wp-json\/wp\/v2\/posts\/8450\/revisions"}],"predecessor-version":[{"id":8454,"href":"https:\/\/agora.xtec.cat\/iesmiquelbosch\/wp-json\/wp\/v2\/posts\/8450\/revisions\/8454"}],"wp:featuredmedia":[{"embeddable":true,"href":"https:\/\/agora.xtec.cat\/iesmiquelbosch\/wp-json\/wp\/v2\/media\/8452"}],"wp:attachment":[{"href":"https:\/\/agora.xtec.cat\/iesmiquelbosch\/wp-json\/wp\/v2\/media?parent=8450"}],"wp:term":[{"taxonomy":"category","embeddable":true,"href":"https:\/\/agora.xtec.cat\/iesmiquelbosch\/wp-json\/wp\/v2\/categories?post=8450"},{"taxonomy":"post_tag","embeddable":true,"href":"https:\/\/agora.xtec.cat\/iesmiquelbosch\/wp-json\/wp\/v2\/tags?post=8450"}],"curies":[{"name":"wp","href":"https:\/\/api.w.org\/{rel}","templated":true}]}}