{"id":842,"date":"2013-07-17T09:20:33","date_gmt":"2013-07-17T08:20:33","guid":{"rendered":"http:\/\/agora.xtec.cat\/iesmiquelbosch\/general\/canvi-de-feines-destiu-de-socials-2n-deso\/"},"modified":"2016-07-20T16:03:31","modified_gmt":"2016-07-20T15:03:31","slug":"canvi-de-feines-destiu-de-socials-2n-deso","status":"publish","type":"post","link":"https:\/\/agora.xtec.cat\/iesmiquelbosch\/general\/canvi-de-feines-destiu-de-socials-2n-deso\/","title":{"rendered":"CANVI DE FEINES D&#8217;ESTIU DE SOCIALS (2n d&#8217;ESO)"},"content":{"rendered":"<p><span style=\"color: #ff5500;\"><font size=\"4\" face=\"arial,helvetica,sans-serif\"><strong>&nbsp;CANVI DE FEINES D&#8217;ESTIU DE SOCIALS (2n d&#8217;ESO)<\/strong><\/font><\/span><\/p>\n<p><span style=\"color: #ff5500;\"><font size=\"4\" face=\"arial,helvetica,sans-serif\">Com que est\u00e0 resultant molt dif\u00edcil d&#8217;aconseguir el <em>Quadern per a la diversitat<\/em>, els alumnes de 2n d&#8217;ESO hauran de fer els apartats del llibre que porten per t\u00edtol &quot;Sintetitza&quot; i &quot;Practica les compet\u00e8ncies b\u00e0siques&quot; de les unitats did\u00e0ctiques que s&#8217;han treballat a classe.<\/p>\n<p><\/font><\/span> <\/p>\n","protected":false},"excerpt":{"rendered":"<p>&nbsp;CANVI DE FEINES D&#8217;ESTIU DE SOCIALS (2n d&#8217;ESO)<br \/>\nCom que est\u00e0 resultant molt dif\u00edcil d&#8217;aconseguir el Quadern per a la diversitat, els alumnes de 2n d&#8217;ESO hauran de fer els apartats del llibre que porten per t\u00edtol &quot;Sintetitza&quot; i &quot;Practica les compet\u00e8ncies b\u00e0siques&quot; de les unitats&hellip;  <a href=\"https:\/\/agora.xtec.cat\/iesmiquelbosch\/general\/canvi-de-feines-destiu-de-socials-2n-deso\/\" title=\"Read CANVI DE FEINES D&#8217;ESTIU DE SOCIALS (2n d&#8217;ESO)\">Llegeix m\u00e9s\u00bb<\/a><\/p>\n","protected":false},"author":33,"featured_media":0,"comment_status":"open","ping_status":"open","sticky":false,"template":"","format":"standard","meta":{"_bbp_topic_count":0,"_bbp_reply_count":0,"_bbp_total_topic_count":0,"_bbp_total_reply_count":0,"_bbp_voice_count":0,"_bbp_anonymous_reply_count":0,"_bbp_topic_count_hidden":0,"_bbp_reply_count_hidden":0,"_bbp_forum_subforum_count":0,"footnotes":""},"categories":[1],"tags":[70,73],"class_list":["post-842","post","type-post","status-publish","format-standard","hentry","category-general","tag-intraweb","tag-noticies"],"post_mailing_queue_ids":[],"_links":{"self":[{"href":"https:\/\/agora.xtec.cat\/iesmiquelbosch\/wp-json\/wp\/v2\/posts\/842","targetHints":{"allow":["GET"]}}],"collection":[{"href":"https:\/\/agora.xtec.cat\/iesmiquelbosch\/wp-json\/wp\/v2\/posts"}],"about":[{"href":"https:\/\/agora.xtec.cat\/iesmiquelbosch\/wp-json\/wp\/v2\/types\/post"}],"author":[{"embeddable":true,"href":"https:\/\/agora.xtec.cat\/iesmiquelbosch\/wp-json\/wp\/v2\/users\/33"}],"replies":[{"embeddable":true,"href":"https:\/\/agora.xtec.cat\/iesmiquelbosch\/wp-json\/wp\/v2\/comments?post=842"}],"version-history":[{"count":1,"href":"https:\/\/agora.xtec.cat\/iesmiquelbosch\/wp-json\/wp\/v2\/posts\/842\/revisions"}],"predecessor-version":[{"id":1577,"href":"https:\/\/agora.xtec.cat\/iesmiquelbosch\/wp-json\/wp\/v2\/posts\/842\/revisions\/1577"}],"wp:attachment":[{"href":"https:\/\/agora.xtec.cat\/iesmiquelbosch\/wp-json\/wp\/v2\/media?parent=842"}],"wp:term":[{"taxonomy":"category","embeddable":true,"href":"https:\/\/agora.xtec.cat\/iesmiquelbosch\/wp-json\/wp\/v2\/categories?post=842"},{"taxonomy":"post_tag","embeddable":true,"href":"https:\/\/agora.xtec.cat\/iesmiquelbosch\/wp-json\/wp\/v2\/tags?post=842"}],"curies":[{"name":"wp","href":"https:\/\/api.w.org\/{rel}","templated":true}]}}