{"id":836,"date":"2013-06-16T18:34:17","date_gmt":"2013-06-16T17:34:17","guid":{"rendered":"http:\/\/agora.xtec.cat\/iesmiquelbosch\/general\/informacions-viatge-4t-eso-iii\/"},"modified":"2016-07-20T16:03:30","modified_gmt":"2016-07-20T15:03:30","slug":"informacions-viatge-4t-eso-iii","status":"publish","type":"post","link":"https:\/\/agora.xtec.cat\/iesmiquelbosch\/general\/informacions-viatge-4t-eso-iii\/","title":{"rendered":"Informacions viatge 4t ESO (III)"},"content":{"rendered":"<p style=\"text-align: center;\"><font face=\"arial, helvetica, sans-serif\" style=\"color: #02b400;\" size=\"5\"><strong>Informacions viatge 4t ESO<\/strong><\/font><\/p>\n<\/p>\n<div style=\"text-align: justify;\"><span style=\"font-family: arial, helvetica, sans-serif; font-size: large; color: #02b400;\">Ja tenim tamb\u00e9 la distribuci\u00f3 d&#8217;habitacions a Flor\u00e8ncia:<\/span><\/div>\n<p><span style=\"color: #02b400;\"><font face=\"arial, helvetica, sans-serif\" size=\"4\"> <\/p>\n<div style=\"text-align: justify;\">nois: 3 habitacions de 2 persones, 1 habitaci\u00f3 de 3 persones i 4 habitacions de 4 persones.<\/div>\n<div style=\"text-align: justify;\">noies: 3 habitacions de 3 persones i 3 habitacions de 4 persones.<\/div>\n<p><\/font><\/span><\/p>\n","protected":false},"excerpt":{"rendered":"<p>Informacions viatge 4t ESO<\/p>\n<p>Ja tenim tamb\u00e9 la distribuci\u00f3 d&#8217;habitacions a Flor\u00e8ncia:<\/p>\n<p>nois: 3 habitacions de 2 persones, 1 habitaci\u00f3 de 3 persones i 4 habitacions de 4 persones.<br \/>\nnoies: 3 habitacions de 3 persones i 3 habitacions de 4 persones.<\/p>\n","protected":false},"author":4,"featured_media":0,"comment_status":"open","ping_status":"open","sticky":false,"template":"","format":"standard","meta":{"_bbp_topic_count":0,"_bbp_reply_count":0,"_bbp_total_topic_count":0,"_bbp_total_reply_count":0,"_bbp_voice_count":0,"_bbp_anonymous_reply_count":0,"_bbp_topic_count_hidden":0,"_bbp_reply_count_hidden":0,"_bbp_forum_subforum_count":0,"footnotes":""},"categories":[1],"tags":[70,73],"class_list":["post-836","post","type-post","status-publish","format-standard","hentry","category-general","tag-intraweb","tag-noticies"],"post_mailing_queue_ids":[],"_links":{"self":[{"href":"https:\/\/agora.xtec.cat\/iesmiquelbosch\/wp-json\/wp\/v2\/posts\/836","targetHints":{"allow":["GET"]}}],"collection":[{"href":"https:\/\/agora.xtec.cat\/iesmiquelbosch\/wp-json\/wp\/v2\/posts"}],"about":[{"href":"https:\/\/agora.xtec.cat\/iesmiquelbosch\/wp-json\/wp\/v2\/types\/post"}],"author":[{"embeddable":true,"href":"https:\/\/agora.xtec.cat\/iesmiquelbosch\/wp-json\/wp\/v2\/users\/4"}],"replies":[{"embeddable":true,"href":"https:\/\/agora.xtec.cat\/iesmiquelbosch\/wp-json\/wp\/v2\/comments?post=836"}],"version-history":[{"count":1,"href":"https:\/\/agora.xtec.cat\/iesmiquelbosch\/wp-json\/wp\/v2\/posts\/836\/revisions"}],"predecessor-version":[{"id":1571,"href":"https:\/\/agora.xtec.cat\/iesmiquelbosch\/wp-json\/wp\/v2\/posts\/836\/revisions\/1571"}],"wp:attachment":[{"href":"https:\/\/agora.xtec.cat\/iesmiquelbosch\/wp-json\/wp\/v2\/media?parent=836"}],"wp:term":[{"taxonomy":"category","embeddable":true,"href":"https:\/\/agora.xtec.cat\/iesmiquelbosch\/wp-json\/wp\/v2\/categories?post=836"},{"taxonomy":"post_tag","embeddable":true,"href":"https:\/\/agora.xtec.cat\/iesmiquelbosch\/wp-json\/wp\/v2\/tags?post=836"}],"curies":[{"name":"wp","href":"https:\/\/api.w.org\/{rel}","templated":true}]}}