{"id":835,"date":"2013-06-14T19:55:12","date_gmt":"2013-06-14T18:55:12","guid":{"rendered":"http:\/\/agora.xtec.cat\/iesmiquelbosch\/general\/informacions-viatge-4t-eso-ii\/"},"modified":"2016-07-20T16:03:30","modified_gmt":"2016-07-20T15:03:30","slug":"informacions-viatge-4t-eso-ii","status":"publish","type":"post","link":"https:\/\/agora.xtec.cat\/iesmiquelbosch\/general\/informacions-viatge-4t-eso-ii\/","title":{"rendered":"Informacions viatge 4t ESO (II)"},"content":{"rendered":"<p style=\"text-align: center;\"><font face=\"arial, helvetica, sans-serif\" size=\"5\"><strong style=\"color: #fc00ff;\">Informacions viatge 4t ESO<\/strong><\/font><\/p>\n<p style=\"text-align: center;\"><\/p>\n<p style=\"text-align: justify;\"><font face=\"arial, helvetica, sans-serif\" size=\"4\" style=\"color: #fc00ff;\">L&#8217;estiu ha arribat tamb\u00e9 a It\u00e0lia. La previsi\u00f3 de temperatures m\u00e0ximes a Roma, Flor\u00e8ncia i les altres localitats que visitareu \u00e9s al voltant de 28\u00baC a 30\u00baC. Per tant, \u00e9s aconsellable que porteu gorra i crema solar (la crema solar, a la maleta, no a l&#8217;equipatge de m\u00e0).<\/font><\/p>\n<p style=\"text-align: justify;\"><font face=\"arial, helvetica, sans-serif\" size=\"4\" style=\"color: #fc00ff;\">Recordeu que heu de portar la documentaci\u00f3 original, l&#8217;esmorzar (amb beguda) i el dinar (sense beguda) del dilluns a l&#8217;equipatge de m\u00e0.&nbsp;<\/font><\/p>\n<p style=\"text-align: justify;\"><font face=\"arial, helvetica, sans-serif\" size=\"4\" style=\"color: #fc00ff;\">La distribuci\u00f3 d&#8217;habitacions a l&#8217;hotel de Roma \u00e9s la seg\u00fcent: els nois, 7 habitacions de 3 persones i una de quatre persones; les noies, 4 habitacions de 4 persones, 1 habitaci\u00f3 de 3 persones i 1 habitaci\u00f3 de 2 persones. La distribuci\u00f3 d&#8217;habitacions de Flor\u00e8ncia no la sabem.<\/font><\/p>\n","protected":false},"excerpt":{"rendered":"<p>Informacions viatge 4t ESO<\/p>\n<p>L&#8217;estiu ha arribat tamb\u00e9 a It\u00e0lia. La previsi\u00f3 de temperatures m\u00e0ximes a Roma, Flor\u00e8ncia i les altres localitats que visitareu \u00e9s al voltant de 28\u00baC a 30\u00baC. Per tant, \u00e9s aconsellable que porteu gorra i crema solar (la crema solar, a la&hellip;  <a href=\"https:\/\/agora.xtec.cat\/iesmiquelbosch\/general\/informacions-viatge-4t-eso-ii\/\" title=\"Read Informacions viatge 4t ESO (II)\">Llegeix m\u00e9s\u00bb<\/a><\/p>\n","protected":false},"author":4,"featured_media":0,"comment_status":"open","ping_status":"open","sticky":false,"template":"","format":"standard","meta":{"_bbp_topic_count":0,"_bbp_reply_count":0,"_bbp_total_topic_count":0,"_bbp_total_reply_count":0,"_bbp_voice_count":0,"_bbp_anonymous_reply_count":0,"_bbp_topic_count_hidden":0,"_bbp_reply_count_hidden":0,"_bbp_forum_subforum_count":0,"footnotes":""},"categories":[1],"tags":[70,73],"class_list":["post-835","post","type-post","status-publish","format-standard","hentry","category-general","tag-intraweb","tag-noticies"],"post_mailing_queue_ids":[],"_links":{"self":[{"href":"https:\/\/agora.xtec.cat\/iesmiquelbosch\/wp-json\/wp\/v2\/posts\/835","targetHints":{"allow":["GET"]}}],"collection":[{"href":"https:\/\/agora.xtec.cat\/iesmiquelbosch\/wp-json\/wp\/v2\/posts"}],"about":[{"href":"https:\/\/agora.xtec.cat\/iesmiquelbosch\/wp-json\/wp\/v2\/types\/post"}],"author":[{"embeddable":true,"href":"https:\/\/agora.xtec.cat\/iesmiquelbosch\/wp-json\/wp\/v2\/users\/4"}],"replies":[{"embeddable":true,"href":"https:\/\/agora.xtec.cat\/iesmiquelbosch\/wp-json\/wp\/v2\/comments?post=835"}],"version-history":[{"count":1,"href":"https:\/\/agora.xtec.cat\/iesmiquelbosch\/wp-json\/wp\/v2\/posts\/835\/revisions"}],"predecessor-version":[{"id":1570,"href":"https:\/\/agora.xtec.cat\/iesmiquelbosch\/wp-json\/wp\/v2\/posts\/835\/revisions\/1570"}],"wp:attachment":[{"href":"https:\/\/agora.xtec.cat\/iesmiquelbosch\/wp-json\/wp\/v2\/media?parent=835"}],"wp:term":[{"taxonomy":"category","embeddable":true,"href":"https:\/\/agora.xtec.cat\/iesmiquelbosch\/wp-json\/wp\/v2\/categories?post=835"},{"taxonomy":"post_tag","embeddable":true,"href":"https:\/\/agora.xtec.cat\/iesmiquelbosch\/wp-json\/wp\/v2\/tags?post=835"}],"curies":[{"name":"wp","href":"https:\/\/api.w.org\/{rel}","templated":true}]}}