{"id":834,"date":"2013-06-12T22:59:06","date_gmt":"2013-06-12T21:59:06","guid":{"rendered":"http:\/\/agora.xtec.cat\/iesmiquelbosch\/general\/informacions-viatge-4t-eso-4\/"},"modified":"2016-07-20T16:03:30","modified_gmt":"2016-07-20T15:03:30","slug":"informacions-viatge-4t-eso-4","status":"publish","type":"post","link":"https:\/\/agora.xtec.cat\/iesmiquelbosch\/general\/informacions-viatge-4t-eso-4\/","title":{"rendered":"Informacions viatge 4t ESO"},"content":{"rendered":"<div align=\"center\"><span style=\"color: #0003ff;\"><strong><font size=\"5\" face=\"arial,helvetica,sans-serif\">Informacions viatge 4t ESO <\/font><\/strong><\/span><\/div>\n<p class=\"MsoNormal\" style=\"color: #000000; font-family: 'Times New Roman'; font-size: medium; font-style: normal; font-variant: normal; font-weight: normal; letter-spacing: normal; line-height: normal; text-align: start; text-indent: 0px; text-transform: none; white-space: normal; word-spacing: 0px;\"><font face=\"arial, helvetica, sans-serif\" style=\"color: #0003ff;\"><span style=\"font-size: 12pt;\">Les professores acompanyants s\u00f3n: Viki Serra, Rosa M. Batll\u00f3 i Montse Sebasti\u00e1n.<\/span><span style=\"font-size: 12pt;\"><\/span><\/font><\/p>\n<p class=\"MsoNormal\" style=\"color: #000000; font-family: 'Times New Roman'; font-size: medium; font-style: normal; font-variant: normal; font-weight: normal; letter-spacing: normal; line-height: normal; text-align: start; text-indent: 0px; text-transform: none; white-space: normal; word-spacing: 0px;\"><span style=\"font-size: 12pt; color: #0003ff;\"><font face=\"arial, helvetica, sans-serif\">\u00c9s imprescindible con\u00e8ixer la normativa del viatge, a la qual tots i totes heu donat conformitat amb la vostra signatura. Feu-ne un rep\u00e0s.<\/font><\/span><\/p>\n<p class=\"MsoNormal\" style=\"color: #000000; font-family: 'Times New Roman'; font-size: medium; font-style: normal; font-variant: normal; font-weight: normal; letter-spacing: normal; line-height: normal; text-align: start; text-indent: 0px; text-transform: none; white-space: normal; word-spacing: 0px;\"><span style=\"font-size: 12pt; color: #0003ff;\"><font face=\"arial, helvetica, sans-serif\">La distribuci\u00f3 de les habitacions no la sabem encara. Si ens la passen abans del viatge us la comunicarem via web.&nbsp;<\/font><\/span><\/p>\n<p class=\"MsoNormal\" style=\"color: #000000; font-family: 'Times New Roman'; font-size: medium; font-style: normal; font-variant: normal; font-weight: normal; letter-spacing: normal; line-height: normal; text-align: start; text-indent: 0px; text-transform: none; white-space: normal; word-spacing: 0px;\"><font face=\"arial, helvetica, sans-serif\" style=\"color: #0003ff;\"><span style=\"font-size: 12pt;\">Recordeu que tots heu de tenir:<br \/>\u00b7 Opci\u00f3 1. L&#8217;original del DNI m\u00e9s el perm\u00eds dels mossos&nbsp;+ targeta sanit\u00e0ria europea o certificat provisional substitutori.&nbsp;Enguany tenim tots els permisos nosaltres (excepte un i la persona en q\u00fcesti\u00f3 ja ho sap) i, per tant, ja el portaran les professores acompanyants.&nbsp;<br \/><\/span><span style=\"font-size: 12pt;\">\u00b7 Opci\u00f3 2: El passaport original + targeta sanit\u00e0ria europea o certificat provisional substitutori.<br \/><\/span><strong style=\"font-size: 12pt;\">Ning\u00fa pujar\u00e0 a l&#8217;autocar sense aquesta documentaci\u00f3.<\/strong><\/font><\/p>\n<p class=\"MsoNormal\" style=\"color: #000000; font-family: 'Times New Roman'; font-size: medium; font-style: normal; font-variant: normal; font-weight: normal; letter-spacing: normal; line-height: normal; text-align: start; text-indent: 0px; text-transform: none; white-space: normal; word-spacing: 0px;\"><span style=\"font-size: 12pt; color: #0003ff;\"><font face=\"arial, helvetica, sans-serif\">Els beneficis recollits de les fotos i les samarretes pugen 20 euros per persona. Hem decidit que les professores us lliuraran 10 euros al comen\u00e7ament del viatge i que els altres 10 euros se&#8217;ls quedaran provisionalment per fer front a la fian\u00e7a que demanen als hotels. Ja sabeu que la fian\u00e7a es torna si no hi ha desperfectes.<\/font><\/span><\/p>\n<p class=\"MsoNormal\" style=\"color: #000000; font-family: 'Times New Roman'; font-size: medium; font-style: normal; font-variant: normal; font-weight: normal; letter-spacing: normal; line-height: normal; text-align: start; text-indent: 0px; text-transform: none; white-space: normal; word-spacing: 0px;\"><font face=\"arial, helvetica, sans-serif\" style=\"color: #0003ff;\"><span style=\"font-size: 12pt;\">Per calcular els diners que us caldr\u00e0 portar heu de tenir en compte que alguns \u00e0pats no estan inclosos en el preu del viatge, com l&#8217;esmorzar del primer dia o els dinars de tots els dies. Tampoc, si \u00e9s el cas, els refrescos que es vulguin consumir durant els \u00e0pats, ja que en aquests nom\u00e9s est\u00e0 incl\u00f2s l&#8217;aigua en el preu. Recomanem, de tota manera, que porteu&nbsp;<\/span><span style=\"font-size: 16.3636px;\">l&#8217;esmorzar del dilluns i tamb\u00e9 una beguda, ja que us ho prendreu abans de pujar a l&#8217;avi\u00f3 i el dinar del primer dia (sense beguda). Tant l&#8217;esmorzar com el dinar caldr\u00e0 portar-lo a l&#8217;equipatge de m\u00e0.&nbsp;<\/span><\/font><\/p>\n<p class=\"MsoNormal\" style=\"color: #000000; font-family: 'Times New Roman'; font-size: medium; font-style: normal; font-variant: normal; font-weight: normal; letter-spacing: normal; line-height: normal; text-align: start; text-indent: 0px; text-transform: none; white-space: normal; word-spacing: 0px;\"><span style=\"font-size: 12pt; color: #0003ff;\"><font face=\"arial, helvetica, sans-serif\">Recordeu que podeu portar una maleta de 20 kg de pes m\u00e0xim (no m\u00ednim!) i tamb\u00e9, l&#8217;equipatge de m\u00e0 que pot pesar com a molt 10 kg i ha de tenir unes dimensions m\u00e0ximes de 55 x 40 x 20 cm. Pot ser la motxilla de Cum Laude. No podeu portar dos equipatges de m\u00e0: si, per exemple, voleu agafar una bossa amb el moneder&#8230; i una motxilla o similar tamb\u00e9, heu d&#8217;encabir la bossa dins la motxilla. Consulteu tamb\u00e9 la normativa de l\u00edquids. Si us cal portar algun tipus de medicaci\u00f3 l\u00edquida o esprai (tipus Ventol\u00edn) a l&#8217;equipatge de m\u00e0, porteu tamb\u00e9 un certificat m\u00e8dic.<\/font><\/span><\/p>\n<p class=\"MsoNormal\" style=\"color: #000000; font-family: 'Times New Roman'; font-size: medium; font-style: normal; font-variant: normal; font-weight: normal; letter-spacing: normal; line-height: normal; text-align: start; text-indent: 0px; text-transform: none; white-space: normal; word-spacing: 0px;\"><font face=\"arial, helvetica, sans-serif\" style=\"color: #0003ff;\"><span lang=\"FR\" style=\"font-size: 12pt;\">Compte amb les trucades amb els m\u00f2bils!<span class=\"Apple-converted-space\"> <\/span><\/span><span style=\"font-size: 12pt;\">No us truqueu entre vosaltres perqu\u00e8 \u00e9s doble confer\u00e8ncia. Per poder rebre i fer trucades cal tenir activat el servei de roaming. Heu de consultar la vostra companyia telef\u00f2nica per saber si teniu el servei activat o per activar-lo i per con\u00e8ixer-ne les tarifes.<\/span><span style=\"font-size: 12pt;\"><\/span><\/font><\/p>\n<p class=\"MsoNormal\" style=\"color: #000000; font-family: 'Times New Roman'; font-size: medium; font-style: normal; font-variant: normal; font-weight: normal; letter-spacing: normal; line-height: normal; text-align: start; text-indent: 0px; text-transform: none; white-space: normal; word-spacing: 0px;\"><font face=\"arial, helvetica, sans-serif\" style=\"color: #0003ff;\"><font style=\"font-size: 12pt;\">A continuaci\u00f3 teniu alguns enlla\u00e7os que poden ser del vostre inter\u00e8s:<\/font><br \/><\/font><\/p>\n<div style=\"color: #000000; font-family: 'Times New Roman'; font-size: medium; font-style: normal; font-variant: normal; font-weight: normal; letter-spacing: normal; line-height: normal; text-align: start; text-indent: 0px; text-transform: none; white-space: normal; word-spacing: 0px;\">\n<p><font face=\"arial, helvetica, sans-serif\" style=\"color: #0003ff;\"><span style=\"font-size: 12pt; text-indent: -18pt; text-decoration: none;\">\u00b7&nbsp;<a href=\"https:\/\/docs.google.com\/file\/d\/0BxtpwwkeygjyX2N5S2dVUl81Z0k\/edit\" target=\"_blank\" style=\"color: #ff0000; font-size: 12pt; text-indent: -18pt;\">Itinerari<\/a>.<br \/><\/span><span style=\"font-size: 12pt; text-indent: -18pt;\"><span style=\"text-decoration: none;\">\u00b7&nbsp;<a target=\"_blank\" style=\"color: #ff0000;\" href=\"https:\/\/docs.google.com\/file\/d\/0BxtpwwkeygjydmFtbTNwcjRyXzA\/edit\">Normativa del viatge<\/a><\/span><\/span><span style=\"text-indent: -18pt;\"><font size=\"3\"><a href=\"https:\/\/docs.google.com\/file\/d\/0BxtpwwkeygjydmFtbTNwcjRyXzA\/edit\" target=\"_blank\"> <\/a>(elaborada pel centre).<\/font><span style=\"font-size: 9.09091px;\"><br \/><\/span><\/span><span style=\"text-indent: -18pt;\"><span style=\"text-decoration: none;\"><span style=\"font-size: 9.09091px;\">\u00b7&nbsp; <\/span><a href=\"http:\/\/www10.gencat.cat\/gencat\/AppJava\/cat\/actualitat2\/2006\/61106equipatge.jsp\" target=\"_blank\" style=\"color: #ff0000; font-size: 12pt;\">Normativa de l\u00edquids<\/a><\/span><font size=\"3\">&nbsp;(equipatge de m\u00e0 a l&#8217;avi\u00f3)<\/font><\/span><\/font><\/p>\n<\/p><\/div>\n<p class=\"MsoNormal\" style=\"color: #000000; font-family: 'Times New Roman'; font-size: medium; font-style: normal; font-variant: normal; font-weight: normal; letter-spacing: normal; line-height: normal; text-align: start; text-indent: 0px; text-transform: none; white-space: normal; word-spacing: 0px;\"><span style=\"font-size: 12pt; color: #0003ff;\"><font face=\"arial, helvetica, sans-serif\">Bon viatge!<\/font><\/span><\/p>\n","protected":false},"excerpt":{"rendered":"<p>Informacions viatge 4t ESO<br \/>\nLes professores acompanyants s\u00f3n: Viki Serra, Rosa M. Batll\u00f3 i Montse Sebasti\u00e1n.<br \/>\n\u00c9s imprescindible con\u00e8ixer la normativa del viatge, a la qual tots i totes heu donat conformitat amb la vostra signatura. Feu-ne un rep\u00e0s.<br \/>\nLa distribuci\u00f3 de les habitacions no la sabem&hellip;  <a href=\"https:\/\/agora.xtec.cat\/iesmiquelbosch\/general\/informacions-viatge-4t-eso-4\/\" title=\"Read Informacions viatge 4t ESO\">Llegeix m\u00e9s\u00bb<\/a><\/p>\n","protected":false},"author":4,"featured_media":0,"comment_status":"open","ping_status":"open","sticky":false,"template":"","format":"standard","meta":{"_bbp_topic_count":0,"_bbp_reply_count":0,"_bbp_total_topic_count":0,"_bbp_total_reply_count":0,"_bbp_voice_count":0,"_bbp_anonymous_reply_count":0,"_bbp_topic_count_hidden":0,"_bbp_reply_count_hidden":0,"_bbp_forum_subforum_count":0,"footnotes":""},"categories":[1],"tags":[70,73],"class_list":["post-834","post","type-post","status-publish","format-standard","hentry","category-general","tag-intraweb","tag-noticies"],"post_mailing_queue_ids":[],"_links":{"self":[{"href":"https:\/\/agora.xtec.cat\/iesmiquelbosch\/wp-json\/wp\/v2\/posts\/834","targetHints":{"allow":["GET"]}}],"collection":[{"href":"https:\/\/agora.xtec.cat\/iesmiquelbosch\/wp-json\/wp\/v2\/posts"}],"about":[{"href":"https:\/\/agora.xtec.cat\/iesmiquelbosch\/wp-json\/wp\/v2\/types\/post"}],"author":[{"embeddable":true,"href":"https:\/\/agora.xtec.cat\/iesmiquelbosch\/wp-json\/wp\/v2\/users\/4"}],"replies":[{"embeddable":true,"href":"https:\/\/agora.xtec.cat\/iesmiquelbosch\/wp-json\/wp\/v2\/comments?post=834"}],"version-history":[{"count":1,"href":"https:\/\/agora.xtec.cat\/iesmiquelbosch\/wp-json\/wp\/v2\/posts\/834\/revisions"}],"predecessor-version":[{"id":1569,"href":"https:\/\/agora.xtec.cat\/iesmiquelbosch\/wp-json\/wp\/v2\/posts\/834\/revisions\/1569"}],"wp:attachment":[{"href":"https:\/\/agora.xtec.cat\/iesmiquelbosch\/wp-json\/wp\/v2\/media?parent=834"}],"wp:term":[{"taxonomy":"category","embeddable":true,"href":"https:\/\/agora.xtec.cat\/iesmiquelbosch\/wp-json\/wp\/v2\/categories?post=834"},{"taxonomy":"post_tag","embeddable":true,"href":"https:\/\/agora.xtec.cat\/iesmiquelbosch\/wp-json\/wp\/v2\/tags?post=834"}],"curies":[{"name":"wp","href":"https:\/\/api.w.org\/{rel}","templated":true}]}}