{"id":8149,"date":"2022-02-27T22:41:50","date_gmt":"2022-02-27T21:41:50","guid":{"rendered":"https:\/\/agora.xtec.cat\/iesmiquelbosch\/?p=8149"},"modified":"2022-02-27T22:41:50","modified_gmt":"2022-02-27T21:41:50","slug":"coves-del-toll-i-museu-arqueologic-i-paleontologic-de-moia","status":"publish","type":"post","link":"https:\/\/agora.xtec.cat\/iesmiquelbosch\/general\/coves-del-toll-i-museu-arqueologic-i-paleontologic-de-moia\/","title":{"rendered":"Coves del Toll i Museu Arqueol\u00f2gic i Paleontol\u00f2gic de Moi\u00e0"},"content":{"rendered":"<p>Els alumnes de 1r d&#8217;ESO van visitar les Coves del Toll i el Museu Arqueol\u00f2gic i Paleontol\u00f2gic de Moi\u00e0 el passat 24 de febrer.<\/p>\n<p>Durant la visita van poder entrar a les coves del Toll, un conjunt c\u00e0rstic que es pot visitar en els seus primers 178 metres, i tamb\u00e9 la reconstrucci\u00f3 d&#8217;un poblat prehist\u00f2ric on van aprendre a fer foc de la mateixa manera com ho feien a la Prehist\u00f2ria. A la Casa Natal del Rafael Casanovas van poder observar les restes que s&#8217;han trobat en les coves del Toll i en d&#8217;altres indrets del municipi.<\/p>\n<p>Teniu m\u00e9s fotos a l&#8217;apartat habitual d&#8217;aquest web.<\/p>\n<p><a href=\"https:\/\/agora.xtec.cat\/iesmiquelbosch\/wp-content\/uploads\/usu626\/2022\/02\/c290e615-7952-47b4-bff2-e2395c6c6f0d.jpg\"><img loading=\"lazy\" decoding=\"async\" class=\"alignnone size-large wp-image-8150\" src=\"https:\/\/agora.xtec.cat\/iesmiquelbosch\/wp-content\/uploads\/usu626\/2022\/02\/c290e615-7952-47b4-bff2-e2395c6c6f0d-1024x768.jpg\" alt=\"\" width=\"1024\" height=\"768\" srcset=\"https:\/\/agora.xtec.cat\/iesmiquelbosch\/wp-content\/uploads\/usu626\/2022\/02\/c290e615-7952-47b4-bff2-e2395c6c6f0d-1024x768.jpg 1024w, https:\/\/agora.xtec.cat\/iesmiquelbosch\/wp-content\/uploads\/usu626\/2022\/02\/c290e615-7952-47b4-bff2-e2395c6c6f0d-300x225.jpg 300w, https:\/\/agora.xtec.cat\/iesmiquelbosch\/wp-content\/uploads\/usu626\/2022\/02\/c290e615-7952-47b4-bff2-e2395c6c6f0d-768x576.jpg 768w, https:\/\/agora.xtec.cat\/iesmiquelbosch\/wp-content\/uploads\/usu626\/2022\/02\/c290e615-7952-47b4-bff2-e2395c6c6f0d-1536x1152.jpg 1536w, https:\/\/agora.xtec.cat\/iesmiquelbosch\/wp-content\/uploads\/usu626\/2022\/02\/c290e615-7952-47b4-bff2-e2395c6c6f0d-200x150.jpg 200w, https:\/\/agora.xtec.cat\/iesmiquelbosch\/wp-content\/uploads\/usu626\/2022\/02\/c290e615-7952-47b4-bff2-e2395c6c6f0d.jpg 1600w\" sizes=\"auto, (max-width: 1024px) 100vw, 1024px\" \/><\/a> <a href=\"https:\/\/agora.xtec.cat\/iesmiquelbosch\/wp-content\/uploads\/usu626\/2022\/02\/1606f0aa-acae-4ba4-b0a2-419681ee1f24.jpg\"><img loading=\"lazy\" decoding=\"async\" class=\"alignnone size-large wp-image-8151\" src=\"https:\/\/agora.xtec.cat\/iesmiquelbosch\/wp-content\/uploads\/usu626\/2022\/02\/1606f0aa-acae-4ba4-b0a2-419681ee1f24.jpg\" alt=\"\" width=\"1024\" height=\"754\" srcset=\"https:\/\/agora.xtec.cat\/iesmiquelbosch\/wp-content\/uploads\/usu626\/2022\/02\/1606f0aa-acae-4ba4-b0a2-419681ee1f24.jpg 1024w, https:\/\/agora.xtec.cat\/iesmiquelbosch\/wp-content\/uploads\/usu626\/2022\/02\/1606f0aa-acae-4ba4-b0a2-419681ee1f24-300x221.jpg 300w, https:\/\/agora.xtec.cat\/iesmiquelbosch\/wp-content\/uploads\/usu626\/2022\/02\/1606f0aa-acae-4ba4-b0a2-419681ee1f24-768x566.jpg 768w\" sizes=\"auto, (max-width: 1024px) 100vw, 1024px\" \/><\/a> <a href=\"https:\/\/agora.xtec.cat\/iesmiquelbosch\/wp-content\/uploads\/usu626\/2022\/02\/4afc892c-ae28-4558-915f-06c2359b0d4e.jpg\"><img loading=\"lazy\" decoding=\"async\" class=\"alignnone size-large wp-image-8152\" src=\"https:\/\/agora.xtec.cat\/iesmiquelbosch\/wp-content\/uploads\/usu626\/2022\/02\/4afc892c-ae28-4558-915f-06c2359b0d4e-1024x768.jpg\" alt=\"\" width=\"1024\" height=\"768\" srcset=\"https:\/\/agora.xtec.cat\/iesmiquelbosch\/wp-content\/uploads\/usu626\/2022\/02\/4afc892c-ae28-4558-915f-06c2359b0d4e-1024x768.jpg 1024w, https:\/\/agora.xtec.cat\/iesmiquelbosch\/wp-content\/uploads\/usu626\/2022\/02\/4afc892c-ae28-4558-915f-06c2359b0d4e-300x225.jpg 300w, https:\/\/agora.xtec.cat\/iesmiquelbosch\/wp-content\/uploads\/usu626\/2022\/02\/4afc892c-ae28-4558-915f-06c2359b0d4e-768x576.jpg 768w, https:\/\/agora.xtec.cat\/iesmiquelbosch\/wp-content\/uploads\/usu626\/2022\/02\/4afc892c-ae28-4558-915f-06c2359b0d4e-1536x1152.jpg 1536w, https:\/\/agora.xtec.cat\/iesmiquelbosch\/wp-content\/uploads\/usu626\/2022\/02\/4afc892c-ae28-4558-915f-06c2359b0d4e-200x150.jpg 200w, https:\/\/agora.xtec.cat\/iesmiquelbosch\/wp-content\/uploads\/usu626\/2022\/02\/4afc892c-ae28-4558-915f-06c2359b0d4e.jpg 2048w\" sizes=\"auto, (max-width: 1024px) 100vw, 1024px\" \/><\/a> <a href=\"https:\/\/agora.xtec.cat\/iesmiquelbosch\/wp-content\/uploads\/usu626\/2022\/02\/3af725ad-c996-4bcf-8402-d09cdfb40f57.jpg\"><img loading=\"lazy\" decoding=\"async\" class=\"alignnone size-large wp-image-8153\" src=\"https:\/\/agora.xtec.cat\/iesmiquelbosch\/wp-content\/uploads\/usu626\/2022\/02\/3af725ad-c996-4bcf-8402-d09cdfb40f57.jpg\" alt=\"\" width=\"1024\" height=\"768\" srcset=\"https:\/\/agora.xtec.cat\/iesmiquelbosch\/wp-content\/uploads\/usu626\/2022\/02\/3af725ad-c996-4bcf-8402-d09cdfb40f57.jpg 1024w, https:\/\/agora.xtec.cat\/iesmiquelbosch\/wp-content\/uploads\/usu626\/2022\/02\/3af725ad-c996-4bcf-8402-d09cdfb40f57-300x225.jpg 300w, https:\/\/agora.xtec.cat\/iesmiquelbosch\/wp-content\/uploads\/usu626\/2022\/02\/3af725ad-c996-4bcf-8402-d09cdfb40f57-768x576.jpg 768w, https:\/\/agora.xtec.cat\/iesmiquelbosch\/wp-content\/uploads\/usu626\/2022\/02\/3af725ad-c996-4bcf-8402-d09cdfb40f57-200x150.jpg 200w\" sizes=\"auto, (max-width: 1024px) 100vw, 1024px\" \/><\/a><\/p>\n","protected":false},"excerpt":{"rendered":"<p>Els alumnes de 1r d&#8217;ESO van visitar les Coves del Toll i el Museu Arqueol\u00f2gic i Paleontol\u00f2gic de Moi\u00e0 el passat 24 de febrer.<br \/>\nDurant la visita van poder entrar a les coves del Toll, un conjunt c\u00e0rstic que es pot visitar en els seus primers&hellip;  <a href=\"https:\/\/agora.xtec.cat\/iesmiquelbosch\/general\/coves-del-toll-i-museu-arqueologic-i-paleontologic-de-moia\/\" title=\"Read Coves del Toll i Museu Arqueol\u00f2gic i Paleontol\u00f2gic de Moi\u00e0\">Llegeix m\u00e9s\u00bb<\/a><\/p>\n","protected":false},"author":1,"featured_media":8151,"comment_status":"closed","ping_status":"closed","sticky":false,"template":"","format":"standard","meta":{"_bbp_topic_count":0,"_bbp_reply_count":0,"_bbp_total_topic_count":0,"_bbp_total_reply_count":0,"_bbp_voice_count":0,"_bbp_anonymous_reply_count":0,"_bbp_topic_count_hidden":0,"_bbp_reply_count_hidden":0,"_bbp_forum_subforum_count":0,"footnotes":""},"categories":[1],"tags":[],"class_list":["post-8149","post","type-post","status-publish","format-standard","has-post-thumbnail","hentry","category-general"],"post_mailing_queue_ids":[],"_links":{"self":[{"href":"https:\/\/agora.xtec.cat\/iesmiquelbosch\/wp-json\/wp\/v2\/posts\/8149","targetHints":{"allow":["GET"]}}],"collection":[{"href":"https:\/\/agora.xtec.cat\/iesmiquelbosch\/wp-json\/wp\/v2\/posts"}],"about":[{"href":"https:\/\/agora.xtec.cat\/iesmiquelbosch\/wp-json\/wp\/v2\/types\/post"}],"author":[{"embeddable":true,"href":"https:\/\/agora.xtec.cat\/iesmiquelbosch\/wp-json\/wp\/v2\/users\/1"}],"replies":[{"embeddable":true,"href":"https:\/\/agora.xtec.cat\/iesmiquelbosch\/wp-json\/wp\/v2\/comments?post=8149"}],"version-history":[{"count":1,"href":"https:\/\/agora.xtec.cat\/iesmiquelbosch\/wp-json\/wp\/v2\/posts\/8149\/revisions"}],"predecessor-version":[{"id":8154,"href":"https:\/\/agora.xtec.cat\/iesmiquelbosch\/wp-json\/wp\/v2\/posts\/8149\/revisions\/8154"}],"wp:featuredmedia":[{"embeddable":true,"href":"https:\/\/agora.xtec.cat\/iesmiquelbosch\/wp-json\/wp\/v2\/media\/8151"}],"wp:attachment":[{"href":"https:\/\/agora.xtec.cat\/iesmiquelbosch\/wp-json\/wp\/v2\/media?parent=8149"}],"wp:term":[{"taxonomy":"category","embeddable":true,"href":"https:\/\/agora.xtec.cat\/iesmiquelbosch\/wp-json\/wp\/v2\/categories?post=8149"},{"taxonomy":"post_tag","embeddable":true,"href":"https:\/\/agora.xtec.cat\/iesmiquelbosch\/wp-json\/wp\/v2\/tags?post=8149"}],"curies":[{"name":"wp","href":"https:\/\/api.w.org\/{rel}","templated":true}]}}