{"id":809,"date":"2013-03-13T14:56:25","date_gmt":"2013-03-13T13:56:25","guid":{"rendered":"http:\/\/agora.xtec.cat\/iesmiquelbosch\/general\/ajornament-jornada-portes-obertes\/"},"modified":"2016-07-20T16:03:28","modified_gmt":"2016-07-20T15:03:28","slug":"ajornament-jornada-portes-obertes","status":"publish","type":"post","link":"https:\/\/agora.xtec.cat\/iesmiquelbosch\/general\/ajornament-jornada-portes-obertes\/","title":{"rendered":"AJORNAMENT JORNADA PORTES OBERTES"},"content":{"rendered":"<p><span style=\"color: #0003ff;\"><font size=\"4\" face=\"arial,helvetica,sans-serif\">AJORNAMENT JORNADA PORTES OBERTES<\/font><\/span><\/p>\n<p><span style=\"color: #0003ff;\"><font size=\"3\" face=\"arial,helvetica,sans-serif\">A causa de la nevada que afecta els municipis d&#8217;Ol\u00f3, Aviny\u00f3, Calders, Monistrol de Calders i Art\u00e9s, la direcci\u00f3 de l&#8217;institut ha decidit posposar la jornada de portes obertes i la reuni\u00f3 de pares previstes per avui dimecres dia 13 de mar\u00e7.<\/font><\/span><\/p>\n<p> <span style=\"color: #0003ff;\"><font size=\"3\" face=\"arial,helvetica,sans-serif\">Aquestes dues activitats queden ajornades per dimecres vinent, dia 20 de mar\u00e7 a la mateixa hora.<\/font><\/span><\/p>\n","protected":false},"excerpt":{"rendered":"<p>AJORNAMENT JORNADA PORTES OBERTES<br \/>\nA causa de la nevada que afecta els municipis d&#8217;Ol\u00f3, Aviny\u00f3, Calders, Monistrol de Calders i Art\u00e9s, la direcci\u00f3 de l&#8217;institut ha decidit posposar la jornada de portes obertes i la reuni\u00f3 de pares previstes per avui dimecres dia 13 de mar\u00e7.<br \/>\n&hellip;  <a href=\"https:\/\/agora.xtec.cat\/iesmiquelbosch\/general\/ajornament-jornada-portes-obertes\/\" title=\"Read AJORNAMENT JORNADA PORTES OBERTES\">Llegeix m\u00e9s\u00bb<\/a><\/p>\n","protected":false},"author":33,"featured_media":0,"comment_status":"open","ping_status":"open","sticky":false,"template":"","format":"standard","meta":{"_bbp_topic_count":0,"_bbp_reply_count":0,"_bbp_total_topic_count":0,"_bbp_total_reply_count":0,"_bbp_voice_count":0,"_bbp_anonymous_reply_count":0,"_bbp_topic_count_hidden":0,"_bbp_reply_count_hidden":0,"_bbp_forum_subforum_count":0,"footnotes":""},"categories":[1],"tags":[70,73],"class_list":["post-809","post","type-post","status-publish","format-standard","hentry","category-general","tag-intraweb","tag-noticies"],"post_mailing_queue_ids":[],"_links":{"self":[{"href":"https:\/\/agora.xtec.cat\/iesmiquelbosch\/wp-json\/wp\/v2\/posts\/809","targetHints":{"allow":["GET"]}}],"collection":[{"href":"https:\/\/agora.xtec.cat\/iesmiquelbosch\/wp-json\/wp\/v2\/posts"}],"about":[{"href":"https:\/\/agora.xtec.cat\/iesmiquelbosch\/wp-json\/wp\/v2\/types\/post"}],"author":[{"embeddable":true,"href":"https:\/\/agora.xtec.cat\/iesmiquelbosch\/wp-json\/wp\/v2\/users\/33"}],"replies":[{"embeddable":true,"href":"https:\/\/agora.xtec.cat\/iesmiquelbosch\/wp-json\/wp\/v2\/comments?post=809"}],"version-history":[{"count":1,"href":"https:\/\/agora.xtec.cat\/iesmiquelbosch\/wp-json\/wp\/v2\/posts\/809\/revisions"}],"predecessor-version":[{"id":1544,"href":"https:\/\/agora.xtec.cat\/iesmiquelbosch\/wp-json\/wp\/v2\/posts\/809\/revisions\/1544"}],"wp:attachment":[{"href":"https:\/\/agora.xtec.cat\/iesmiquelbosch\/wp-json\/wp\/v2\/media?parent=809"}],"wp:term":[{"taxonomy":"category","embeddable":true,"href":"https:\/\/agora.xtec.cat\/iesmiquelbosch\/wp-json\/wp\/v2\/categories?post=809"},{"taxonomy":"post_tag","embeddable":true,"href":"https:\/\/agora.xtec.cat\/iesmiquelbosch\/wp-json\/wp\/v2\/tags?post=809"}],"curies":[{"name":"wp","href":"https:\/\/api.w.org\/{rel}","templated":true}]}}