{"id":805,"date":"2013-03-03T22:33:55","date_gmt":"2013-03-03T21:33:55","guid":{"rendered":"http:\/\/agora.xtec.cat\/iesmiquelbosch\/general\/festa-de-nadal-2012-a-tv-artes\/"},"modified":"2016-07-20T16:03:28","modified_gmt":"2016-07-20T15:03:28","slug":"festa-de-nadal-2012-a-tv-artes","status":"publish","type":"post","link":"https:\/\/agora.xtec.cat\/iesmiquelbosch\/general\/festa-de-nadal-2012-a-tv-artes\/","title":{"rendered":"Festa de Nadal 2012 a TV Art\u00e9s"},"content":{"rendered":"<div align=\"center\"><span style=\"color: #0084c3;\"><strong><font size=\"5\" face=\"arial,helvetica,sans-serif\">Festa de Nadal de l&#8217;<font size=\"5\">INS <\/font>a TV Art\u00e9s<\/font><\/strong><br \/><font size=\"4\" face=\"arial,helvetica,sans-serif\">Accediu al v\u00eddeo clicant a Not\u00edcia completa<\/font><br \/><\/span><\/div>\n<p><span style=\"color: #f0f000;\"><font size=\"4\" face=\"arial,helvetica,sans-serif\"><strong><a target=\"_blank\" href=\"http:\/\/www.tvartes.cat\/index.php?option=com_hdflvplayer&amp;Itemid=undefined&amp;title=FestesdeNadalIES&amp;id=5\">Enlla\u00e7<\/a><\/strong><\/font><\/span><\/p>\n","protected":false},"excerpt":{"rendered":"<p>Festa de Nadal de l&#8217;INS a TV Art\u00e9sAccediu al v\u00eddeo clicant a Not\u00edcia completa<br \/>\n<a target=\"_blank\" href=\"http:\/\/www.tvartes.cat\/index.php?option=com_hdflvplayer&amp;Itemid=undefined&amp;title=FestesdeNadalIES&amp;id=5\">Enlla\u00e7<\/a><\/p>\n","protected":false},"author":4,"featured_media":0,"comment_status":"open","ping_status":"open","sticky":false,"template":"","format":"standard","meta":{"_bbp_topic_count":0,"_bbp_reply_count":0,"_bbp_total_topic_count":0,"_bbp_total_reply_count":0,"_bbp_voice_count":0,"_bbp_anonymous_reply_count":0,"_bbp_topic_count_hidden":0,"_bbp_reply_count_hidden":0,"_bbp_forum_subforum_count":0,"footnotes":""},"categories":[1],"tags":[70,73],"class_list":["post-805","post","type-post","status-publish","format-standard","hentry","category-general","tag-intraweb","tag-noticies"],"post_mailing_queue_ids":[],"_links":{"self":[{"href":"https:\/\/agora.xtec.cat\/iesmiquelbosch\/wp-json\/wp\/v2\/posts\/805","targetHints":{"allow":["GET"]}}],"collection":[{"href":"https:\/\/agora.xtec.cat\/iesmiquelbosch\/wp-json\/wp\/v2\/posts"}],"about":[{"href":"https:\/\/agora.xtec.cat\/iesmiquelbosch\/wp-json\/wp\/v2\/types\/post"}],"author":[{"embeddable":true,"href":"https:\/\/agora.xtec.cat\/iesmiquelbosch\/wp-json\/wp\/v2\/users\/4"}],"replies":[{"embeddable":true,"href":"https:\/\/agora.xtec.cat\/iesmiquelbosch\/wp-json\/wp\/v2\/comments?post=805"}],"version-history":[{"count":1,"href":"https:\/\/agora.xtec.cat\/iesmiquelbosch\/wp-json\/wp\/v2\/posts\/805\/revisions"}],"predecessor-version":[{"id":1540,"href":"https:\/\/agora.xtec.cat\/iesmiquelbosch\/wp-json\/wp\/v2\/posts\/805\/revisions\/1540"}],"wp:attachment":[{"href":"https:\/\/agora.xtec.cat\/iesmiquelbosch\/wp-json\/wp\/v2\/media?parent=805"}],"wp:term":[{"taxonomy":"category","embeddable":true,"href":"https:\/\/agora.xtec.cat\/iesmiquelbosch\/wp-json\/wp\/v2\/categories?post=805"},{"taxonomy":"post_tag","embeddable":true,"href":"https:\/\/agora.xtec.cat\/iesmiquelbosch\/wp-json\/wp\/v2\/tags?post=805"}],"curies":[{"name":"wp","href":"https:\/\/api.w.org\/{rel}","templated":true}]}}