{"id":7592,"date":"2021-10-31T21:11:19","date_gmt":"2021-10-31T20:11:19","guid":{"rendered":"https:\/\/agora.xtec.cat\/iesmiquelbosch\/?p=7592"},"modified":"2021-10-31T21:11:19","modified_gmt":"2021-10-31T20:11:19","slug":"museu-mines-de-cercs-i-jaciment-de-fumanya","status":"publish","type":"post","link":"https:\/\/agora.xtec.cat\/iesmiquelbosch\/general\/museu-mines-de-cercs-i-jaciment-de-fumanya\/","title":{"rendered":"Museu Mines de Cercs i Jaciment de Fumanya"},"content":{"rendered":"<p>Divendres, 29 d&#8217;octubre, els alumnes de 4t d&#8217;ESO que cursen Biologia i els de 1r i 2n de Batxillerat que fan Ci\u00e8ncies de la Terrra i del Mediambient van fer una sortida al Bergued\u00e0.<\/p>\n<p>All\u00e0 van visitar el Museu de les Mines de Cercs, dedicat al carb\u00f3, on van poder visitar el centre d&#8217;interpretaci\u00f3 i la Mina de Sant Rom\u00e0. Despr\u00e9s van anar al Jaciment Paleontol\u00f2gic de Fumanya, on hi ha m\u00e9s de 3.500 emprentes de dinosaures.<\/p>\n<p>Teniu m\u00e9s fotos a l&#8217;apartat habitual del web.<\/p>\n<p><a href=\"https:\/\/agora.xtec.cat\/iesmiquelbosch\/wp-content\/uploads\/usu626\/2021\/10\/0f13fe2c-2275-4292-b1d9-b95717397aa9.jpg\"><img loading=\"lazy\" decoding=\"async\" class=\"alignnone size-full wp-image-7593\" src=\"https:\/\/agora.xtec.cat\/iesmiquelbosch\/wp-content\/uploads\/usu626\/2021\/10\/0f13fe2c-2275-4292-b1d9-b95717397aa9.jpg\" alt=\"\" width=\"1024\" height=\"768\" srcset=\"https:\/\/agora.xtec.cat\/iesmiquelbosch\/wp-content\/uploads\/usu626\/2021\/10\/0f13fe2c-2275-4292-b1d9-b95717397aa9.jpg 1024w, https:\/\/agora.xtec.cat\/iesmiquelbosch\/wp-content\/uploads\/usu626\/2021\/10\/0f13fe2c-2275-4292-b1d9-b95717397aa9-300x225.jpg 300w, https:\/\/agora.xtec.cat\/iesmiquelbosch\/wp-content\/uploads\/usu626\/2021\/10\/0f13fe2c-2275-4292-b1d9-b95717397aa9-768x576.jpg 768w, https:\/\/agora.xtec.cat\/iesmiquelbosch\/wp-content\/uploads\/usu626\/2021\/10\/0f13fe2c-2275-4292-b1d9-b95717397aa9-200x150.jpg 200w\" sizes=\"auto, (max-width: 1024px) 100vw, 1024px\" \/><\/a> <a href=\"https:\/\/agora.xtec.cat\/iesmiquelbosch\/wp-content\/uploads\/usu626\/2021\/10\/06d7e7fe-f9c0-49f3-bee4-da23401cb48e.jpg\"><img loading=\"lazy\" decoding=\"async\" class=\"alignnone size-full wp-image-7594\" src=\"https:\/\/agora.xtec.cat\/iesmiquelbosch\/wp-content\/uploads\/usu626\/2021\/10\/06d7e7fe-f9c0-49f3-bee4-da23401cb48e.jpg\" alt=\"\" width=\"1024\" height=\"768\" srcset=\"https:\/\/agora.xtec.cat\/iesmiquelbosch\/wp-content\/uploads\/usu626\/2021\/10\/06d7e7fe-f9c0-49f3-bee4-da23401cb48e.jpg 1024w, https:\/\/agora.xtec.cat\/iesmiquelbosch\/wp-content\/uploads\/usu626\/2021\/10\/06d7e7fe-f9c0-49f3-bee4-da23401cb48e-300x225.jpg 300w, https:\/\/agora.xtec.cat\/iesmiquelbosch\/wp-content\/uploads\/usu626\/2021\/10\/06d7e7fe-f9c0-49f3-bee4-da23401cb48e-768x576.jpg 768w, https:\/\/agora.xtec.cat\/iesmiquelbosch\/wp-content\/uploads\/usu626\/2021\/10\/06d7e7fe-f9c0-49f3-bee4-da23401cb48e-200x150.jpg 200w\" sizes=\"auto, (max-width: 1024px) 100vw, 1024px\" \/><\/a> <a href=\"https:\/\/agora.xtec.cat\/iesmiquelbosch\/wp-content\/uploads\/usu626\/2021\/10\/1a33ef5b-634c-4ced-b4b7-8be095651201.jpg\"><img loading=\"lazy\" decoding=\"async\" class=\"alignnone size-full wp-image-7595\" src=\"https:\/\/agora.xtec.cat\/iesmiquelbosch\/wp-content\/uploads\/usu626\/2021\/10\/1a33ef5b-634c-4ced-b4b7-8be095651201.jpg\" alt=\"\" width=\"1024\" height=\"768\" srcset=\"https:\/\/agora.xtec.cat\/iesmiquelbosch\/wp-content\/uploads\/usu626\/2021\/10\/1a33ef5b-634c-4ced-b4b7-8be095651201.jpg 1024w, https:\/\/agora.xtec.cat\/iesmiquelbosch\/wp-content\/uploads\/usu626\/2021\/10\/1a33ef5b-634c-4ced-b4b7-8be095651201-300x225.jpg 300w, https:\/\/agora.xtec.cat\/iesmiquelbosch\/wp-content\/uploads\/usu626\/2021\/10\/1a33ef5b-634c-4ced-b4b7-8be095651201-768x576.jpg 768w, https:\/\/agora.xtec.cat\/iesmiquelbosch\/wp-content\/uploads\/usu626\/2021\/10\/1a33ef5b-634c-4ced-b4b7-8be095651201-200x150.jpg 200w\" sizes=\"auto, (max-width: 1024px) 100vw, 1024px\" \/><\/a><\/p>\n","protected":false},"excerpt":{"rendered":"<p>Divendres, 29 d&#8217;octubre, els alumnes de 4t d&#8217;ESO que cursen Biologia i els de 1r i 2n de Batxillerat que fan Ci\u00e8ncies de la Terrra i del Mediambient van fer una sortida al Bergued\u00e0.<br \/>\nAll\u00e0 van visitar el Museu de les Mines de Cercs, dedicat al&hellip;  <a href=\"https:\/\/agora.xtec.cat\/iesmiquelbosch\/general\/museu-mines-de-cercs-i-jaciment-de-fumanya\/\" title=\"Read Museu Mines de Cercs i Jaciment de Fumanya\">Llegeix m\u00e9s\u00bb<\/a><\/p>\n","protected":false},"author":1,"featured_media":7593,"comment_status":"closed","ping_status":"closed","sticky":false,"template":"","format":"standard","meta":{"_bbp_topic_count":0,"_bbp_reply_count":0,"_bbp_total_topic_count":0,"_bbp_total_reply_count":0,"_bbp_voice_count":0,"_bbp_anonymous_reply_count":0,"_bbp_topic_count_hidden":0,"_bbp_reply_count_hidden":0,"_bbp_forum_subforum_count":0,"footnotes":""},"categories":[1],"tags":[],"class_list":["post-7592","post","type-post","status-publish","format-standard","has-post-thumbnail","hentry","category-general"],"post_mailing_queue_ids":[],"_links":{"self":[{"href":"https:\/\/agora.xtec.cat\/iesmiquelbosch\/wp-json\/wp\/v2\/posts\/7592","targetHints":{"allow":["GET"]}}],"collection":[{"href":"https:\/\/agora.xtec.cat\/iesmiquelbosch\/wp-json\/wp\/v2\/posts"}],"about":[{"href":"https:\/\/agora.xtec.cat\/iesmiquelbosch\/wp-json\/wp\/v2\/types\/post"}],"author":[{"embeddable":true,"href":"https:\/\/agora.xtec.cat\/iesmiquelbosch\/wp-json\/wp\/v2\/users\/1"}],"replies":[{"embeddable":true,"href":"https:\/\/agora.xtec.cat\/iesmiquelbosch\/wp-json\/wp\/v2\/comments?post=7592"}],"version-history":[{"count":1,"href":"https:\/\/agora.xtec.cat\/iesmiquelbosch\/wp-json\/wp\/v2\/posts\/7592\/revisions"}],"predecessor-version":[{"id":7596,"href":"https:\/\/agora.xtec.cat\/iesmiquelbosch\/wp-json\/wp\/v2\/posts\/7592\/revisions\/7596"}],"wp:featuredmedia":[{"embeddable":true,"href":"https:\/\/agora.xtec.cat\/iesmiquelbosch\/wp-json\/wp\/v2\/media\/7593"}],"wp:attachment":[{"href":"https:\/\/agora.xtec.cat\/iesmiquelbosch\/wp-json\/wp\/v2\/media?parent=7592"}],"wp:term":[{"taxonomy":"category","embeddable":true,"href":"https:\/\/agora.xtec.cat\/iesmiquelbosch\/wp-json\/wp\/v2\/categories?post=7592"},{"taxonomy":"post_tag","embeddable":true,"href":"https:\/\/agora.xtec.cat\/iesmiquelbosch\/wp-json\/wp\/v2\/tags?post=7592"}],"curies":[{"name":"wp","href":"https:\/\/api.w.org\/{rel}","templated":true}]}}