{"id":756,"date":"2012-07-05T00:43:35","date_gmt":"2012-07-04T23:43:35","guid":{"rendered":"http:\/\/agora.xtec.cat\/iesmiquelbosch\/general\/alumnes-1r-eso-curs-2012-2013-educat-1-x-1\/"},"modified":"2016-07-20T16:03:25","modified_gmt":"2016-07-20T15:03:25","slug":"alumnes-1r-eso-curs-2012-2013-educat-1-x-1","status":"publish","type":"post","link":"https:\/\/agora.xtec.cat\/iesmiquelbosch\/general\/alumnes-1r-eso-curs-2012-2013-educat-1-x-1\/","title":{"rendered":"ALUMNES 1r ESO  curs 2012-2013  : EDUCAT  1 x 1"},"content":{"rendered":"<p> <font color=\"#ff1010\" face=\"tahoma,arial,helvetica,sans-serif\" size=\"4\">Benvolgudes fam\u00edlies,<\/font><\/p>\n<p><font color=\"#ff1010\" face=\"tahoma,arial,helvetica,sans-serif\" size=\"4\">Tal com v\u00e0rem quedar en la reuni\u00f3 del 26 de juny us assabentem de la situaci\u00f3 del programa EduCAT 1&#215;1 de cara al curs vinent :<\/font><\/p>\n<p><font color=\"#ff1010\" face=\"tahoma,arial,helvetica,sans-serif\" size=\"4\">1 &#8211; El Departament d&#8217;Ensenyament ja ens ha confirmat que no hi haur\u00e0 subvenci\u00f3 per a m\u00e0quines netbook ni moneder electr\u00f2nic per a llibres digitals.<\/font><\/p>\n<p><font color=\"#ff1010\" face=\"tahoma,arial,helvetica,sans-serif\" size=\"4\">2 &#8211; En sengles reunions del Claustre de professors i del Consell Escolar celebrades a finals de juny es va acordar el seg\u00fcent :<\/font><\/p>\n<p><font color=\"#ff1010\" face=\"tahoma,arial,helvetica,sans-serif\" size=\"4\">PRIMER &gt; No s&#8217;obligar\u00e0 cap alumne-a a adquirir un netbook o un port\u00e0til.<\/font><\/p>\n<p><font color=\"#ff1010\" face=\"tahoma,arial,helvetica,sans-serif\" size=\"4\">SEGON&nbsp; &gt; Quan calgui, el professor avisar\u00e0 amb antelaci\u00f3 perqu\u00e8 els alumnes&nbsp;en portin&nbsp;per a&nbsp;una classe concreta.&nbsp; El seu \u00fas puntual en aquestes classes no impedir\u00e0 que l&#8217;alumnat que no en porti la pugui seguir amb&nbsp;suficient normalitat.<\/font><\/p>\n<p><font color=\"#ff1010\" face=\"tahoma,arial,helvetica,sans-serif\" size=\"4\">TERCER &gt; Els alumnes hauran de disposar&nbsp;d&#8217;un ordinador amb connexi\u00f3 a internet per seguir el curs des de casa seva o des d&#8217;algun punt wifi del seu municipi. Han de poder consultar els llibres digitals i veure els documents que els docents pengin. Tamb\u00e9 hauran de penjar-hi les activitats i els deures que se&#8217;ls encomanin des de l&#8217;institut.<\/font><\/p>\n<p><font color=\"#ff1010\" face=\"tahoma,arial,helvetica,sans-serif\" size=\"4\">QUART &gt; L&#8217;equip directiu maldar\u00e0, amb la col\u00b7laboraci\u00f3 de l&#8217;AMPA,&nbsp;per dotar les dues aules encara pendents del mateix equipament inform\u00e0tic&nbsp;que hom disposa actualment&nbsp;en les restants aules d&#8217;ESO.<\/font><\/p>\n<p><font color=\"#ff1010\" face=\"tahoma,arial,helvetica,sans-serif\" size=\"4\">L&#8217;equip directiu estar\u00e0 a la vostra disposici\u00f3, per a qualsevol dubte o aclariment, fins a finals de juliol, en horari de 9.30 a 13.30 hores.<\/font><\/p>\n<p><font color=\"#ff1010\" face=\"tahoma,arial,helvetica,sans-serif\" size=\"4\">Rebreu la informaci\u00f3 concreta del nou curs mitjan\u00e7ant una tramesa per correu convencional que sortir\u00e0 del centre a finals de juliol.<\/font><\/p>\n","protected":false},"excerpt":{"rendered":"<p> Benvolgudes fam\u00edlies,<br \/>\nTal com v\u00e0rem quedar en la reuni\u00f3 del 26 de juny us assabentem de la situaci\u00f3 del programa EduCAT 1&#215;1 de cara al curs vinent :<br \/>\n1 &#8211; El Departament d&#8217;Ensenyament ja ens ha confirmat que no hi haur\u00e0 subvenci\u00f3 per a m\u00e0quines netbook&hellip;  <a href=\"https:\/\/agora.xtec.cat\/iesmiquelbosch\/general\/alumnes-1r-eso-curs-2012-2013-educat-1-x-1\/\" title=\"Read ALUMNES 1r ESO  curs 2012-2013  : EDUCAT  1 x 1\">Llegeix m\u00e9s\u00bb<\/a><\/p>\n","protected":false},"author":1,"featured_media":0,"comment_status":"open","ping_status":"open","sticky":false,"template":"","format":"standard","meta":{"_bbp_topic_count":0,"_bbp_reply_count":0,"_bbp_total_topic_count":0,"_bbp_total_reply_count":0,"_bbp_voice_count":0,"_bbp_anonymous_reply_count":0,"_bbp_topic_count_hidden":0,"_bbp_reply_count_hidden":0,"_bbp_forum_subforum_count":0,"footnotes":""},"categories":[1],"tags":[70,73],"class_list":["post-756","post","type-post","status-publish","format-standard","hentry","category-general","tag-intraweb","tag-noticies"],"post_mailing_queue_ids":[],"_links":{"self":[{"href":"https:\/\/agora.xtec.cat\/iesmiquelbosch\/wp-json\/wp\/v2\/posts\/756","targetHints":{"allow":["GET"]}}],"collection":[{"href":"https:\/\/agora.xtec.cat\/iesmiquelbosch\/wp-json\/wp\/v2\/posts"}],"about":[{"href":"https:\/\/agora.xtec.cat\/iesmiquelbosch\/wp-json\/wp\/v2\/types\/post"}],"author":[{"embeddable":true,"href":"https:\/\/agora.xtec.cat\/iesmiquelbosch\/wp-json\/wp\/v2\/users\/1"}],"replies":[{"embeddable":true,"href":"https:\/\/agora.xtec.cat\/iesmiquelbosch\/wp-json\/wp\/v2\/comments?post=756"}],"version-history":[{"count":1,"href":"https:\/\/agora.xtec.cat\/iesmiquelbosch\/wp-json\/wp\/v2\/posts\/756\/revisions"}],"predecessor-version":[{"id":1491,"href":"https:\/\/agora.xtec.cat\/iesmiquelbosch\/wp-json\/wp\/v2\/posts\/756\/revisions\/1491"}],"wp:attachment":[{"href":"https:\/\/agora.xtec.cat\/iesmiquelbosch\/wp-json\/wp\/v2\/media?parent=756"}],"wp:term":[{"taxonomy":"category","embeddable":true,"href":"https:\/\/agora.xtec.cat\/iesmiquelbosch\/wp-json\/wp\/v2\/categories?post=756"},{"taxonomy":"post_tag","embeddable":true,"href":"https:\/\/agora.xtec.cat\/iesmiquelbosch\/wp-json\/wp\/v2\/tags?post=756"}],"curies":[{"name":"wp","href":"https:\/\/api.w.org\/{rel}","templated":true}]}}