{"id":7278,"date":"2021-09-10T13:36:12","date_gmt":"2021-09-10T11:36:12","guid":{"rendered":"https:\/\/agora.xtec.cat\/iesmiquelbosch\/?p=7278"},"modified":"2021-09-10T13:48:48","modified_gmt":"2021-09-10T11:48:48","slug":"servei-de-transport-del-dia-13-de-setembre","status":"publish","type":"post","link":"https:\/\/agora.xtec.cat\/iesmiquelbosch\/general\/servei-de-transport-del-dia-13-de-setembre\/","title":{"rendered":"Servei de transport del dia 13 de setembre"},"content":{"rendered":"<p><a href=\"https:\/\/agora.xtec.cat\/iesmiquelbosch\/wp-content\/uploads\/usu626\/2021\/09\/Bus.jpg\"><img loading=\"lazy\" decoding=\"async\" class=\"alignleft size-full wp-image-7281\" src=\"https:\/\/agora.xtec.cat\/iesmiquelbosch\/wp-content\/uploads\/usu626\/2021\/09\/Bus.jpg\" alt=\"\" width=\"293\" height=\"172\" \/><\/a>Els horaris de la parada de bus del vostre municipi ser\u00e0 el mateix que tindreu per a cada jornada escolar per\u00f2, de manera excepcional, 1 hora m\u00e9s tard.<\/p>\n<p>Recordeu que l&#8217;horari del dia 13.09.21 ser\u00e0 de 9 a 11.<\/p>\n<p>Per a m\u00e9s informaci\u00f3 truqueu a Sagal\u00e9s 938746800.<\/p>\n<p>En aquest enlla\u00e7 podreu veure els itineraris <a href=\"https:\/\/agora.xtec.cat\/iesmiquelbosch\/wp-content\/uploads\/usu626\/2021\/09\/Itineraris-Transport-escolar-21-22.pdf\">Itineraris Transport escolar 21-22<\/a><\/p>\n","protected":false},"excerpt":{"rendered":"<p><a href=\"https:\/\/agora.xtec.cat\/iesmiquelbosch\/wp-content\/uploads\/usu626\/2021\/09\/Bus.jpg\"><\/a>Els horaris de la parada de bus del vostre municipi ser\u00e0 el mateix que tindreu per a cada jornada escolar per\u00f2, de manera excepcional, 1 hora m\u00e9s tard.<br \/>\nRecordeu que l&#8217;horari del dia 13.09.21 ser\u00e0 de 9 a 11.<br \/>\nPer a m\u00e9s informaci\u00f3 truqueu a Sagal\u00e9s&hellip;  <a href=\"https:\/\/agora.xtec.cat\/iesmiquelbosch\/general\/servei-de-transport-del-dia-13-de-setembre\/\" title=\"Read Servei de transport del dia 13 de setembre\">Llegeix m\u00e9s\u00bb<\/a><\/p>\n","protected":false},"author":33,"featured_media":7281,"comment_status":"closed","ping_status":"closed","sticky":false,"template":"","format":"standard","meta":{"_bbp_topic_count":0,"_bbp_reply_count":0,"_bbp_total_topic_count":0,"_bbp_total_reply_count":0,"_bbp_voice_count":0,"_bbp_anonymous_reply_count":0,"_bbp_topic_count_hidden":0,"_bbp_reply_count_hidden":0,"_bbp_forum_subforum_count":0,"footnotes":""},"categories":[1],"tags":[],"class_list":["post-7278","post","type-post","status-publish","format-standard","has-post-thumbnail","hentry","category-general"],"post_mailing_queue_ids":[],"_links":{"self":[{"href":"https:\/\/agora.xtec.cat\/iesmiquelbosch\/wp-json\/wp\/v2\/posts\/7278","targetHints":{"allow":["GET"]}}],"collection":[{"href":"https:\/\/agora.xtec.cat\/iesmiquelbosch\/wp-json\/wp\/v2\/posts"}],"about":[{"href":"https:\/\/agora.xtec.cat\/iesmiquelbosch\/wp-json\/wp\/v2\/types\/post"}],"author":[{"embeddable":true,"href":"https:\/\/agora.xtec.cat\/iesmiquelbosch\/wp-json\/wp\/v2\/users\/33"}],"replies":[{"embeddable":true,"href":"https:\/\/agora.xtec.cat\/iesmiquelbosch\/wp-json\/wp\/v2\/comments?post=7278"}],"version-history":[{"count":3,"href":"https:\/\/agora.xtec.cat\/iesmiquelbosch\/wp-json\/wp\/v2\/posts\/7278\/revisions"}],"predecessor-version":[{"id":7283,"href":"https:\/\/agora.xtec.cat\/iesmiquelbosch\/wp-json\/wp\/v2\/posts\/7278\/revisions\/7283"}],"wp:featuredmedia":[{"embeddable":true,"href":"https:\/\/agora.xtec.cat\/iesmiquelbosch\/wp-json\/wp\/v2\/media\/7281"}],"wp:attachment":[{"href":"https:\/\/agora.xtec.cat\/iesmiquelbosch\/wp-json\/wp\/v2\/media?parent=7278"}],"wp:term":[{"taxonomy":"category","embeddable":true,"href":"https:\/\/agora.xtec.cat\/iesmiquelbosch\/wp-json\/wp\/v2\/categories?post=7278"},{"taxonomy":"post_tag","embeddable":true,"href":"https:\/\/agora.xtec.cat\/iesmiquelbosch\/wp-json\/wp\/v2\/tags?post=7278"}],"curies":[{"name":"wp","href":"https:\/\/api.w.org\/{rel}","templated":true}]}}