{"id":719,"date":"2012-04-13T11:12:15","date_gmt":"2012-04-13T10:12:15","guid":{"rendered":"http:\/\/agora.xtec.cat\/iesmiquelbosch\/general\/autoritzacions-sortir-del-centre-alumnes-btx\/"},"modified":"2016-07-20T16:03:22","modified_gmt":"2016-07-20T15:03:22","slug":"autoritzacions-sortir-del-centre-alumnes-btx","status":"publish","type":"post","link":"https:\/\/agora.xtec.cat\/iesmiquelbosch\/general\/autoritzacions-sortir-del-centre-alumnes-btx\/","title":{"rendered":"Autoritzacions sortir del centre alumnes BTX"},"content":{"rendered":"<\/p>\n<p align=\"justify\" class=\" \" style=\"text-align: center;\"><strong><span lang=\"CA\" style=\"font-size: 12pt; font-family: Arial;\"><font size=\"5\" face=\"arial,helvetica,sans-serif\" style=\"color: #0003ff;\">I<\/font><font size=\"4\" style=\"color: #0003ff;\"><font size=\"5\" face=\"arial,helvetica,sans-serif\">nformaci\u00f3 fam\u00edlies batxillerat<\/font><\/font><\/span><\/strong><strong><span lang=\"CA\" style=\"font-size: 12pt; font-family: Arial;\"><font size=\"4\" style=\"color: #0003ff;\"><br \/><\/font><\/span><\/strong><\/p>\n<div align=\"justify\"> <\/div>\n<p align=\"justify\" class=\" \" style=\"text-align: justify; color: #0003ff;\"><font size=\"4\"><span lang=\"CA\" style=\"font-size: 12pt; font-family: Arial;\"> <\/span><\/font><\/p>\n<div align=\"justify\"> <\/div>\n<p align=\"justify\" class=\" \" style=\"text-align: justify; color: #0003ff;\"><font size=\"4\" face=\"arial,helvetica,sans-serif\"><span lang=\"CA\" style=\"font-size: 12pt; font-family: Arial;\">Benvolguts pares i mares,<\/span><\/font><\/p>\n<div align=\"justify\"> <\/div>\n<p align=\"justify\" class=\" \" style=\"text-align: justify; color: #0003ff;\"><font size=\"4\" face=\"arial,helvetica,sans-serif\"><span lang=\"CA\" style=\"font-size: 12pt; font-family: Arial;\"> <\/span><\/font><\/p>\n<div align=\"justify\"> <\/div>\n<p align=\"justify\" class=\" \" style=\"text-align: justify; color: #0003ff;\"><font size=\"4\" face=\"arial,helvetica,sans-serif\"><span lang=\"CA\" style=\"font-size: 12pt; font-family: Arial;\">En el Consell Escolar celebrat el dia 16 de gener de<br \/>\n2012 es va aprovar la possibilitat que els alumnes de Batxillerat puguin sortir<br \/>\ndel centre a qualsevol hora lectiva que falti algun professor; aquest sup\u00f2sit<br \/>\namplia significativament els extrems horaris amb docents absents que, fins ara,<br \/>\ns\u2019havien autoritzat en aquest sentit.<\/span><\/font><\/p>\n<div align=\"justify\"> <\/div>\n<p align=\"justify\" class=\" \" style=\"text-align: justify; color: #0003ff;\"><font size=\"4\" face=\"arial,helvetica,sans-serif\"><span lang=\"CA\" style=\"font-size: 12pt; font-family: Arial;\"> <\/span><\/font><\/p>\n<div align=\"justify\"> <\/div>\n<p align=\"justify\" class=\" \" style=\"text-align: justify; color: #0003ff;\"><font size=\"4\" face=\"arial,helvetica,sans-serif\"><span lang=\"CA\" style=\"font-size: 12pt; font-family: Arial;\">La condici\u00f3 per fer efectiva l\u2019aplicaci\u00f3 d\u2019aquest acord<br \/>\ndel Consell Escolar \u00e9s que cada fam\u00edlia signi una autoritzaci\u00f3 espec\u00edfica per a<br \/>\naquest assumpte. El model a emplenar i a retornar signat per pare, mare o tutor<br \/>\nlegal el trobareu a<span> <\/span>la vostra disposici\u00f3<br \/>\nen el nostre web, d\u2019on us el podreu baixar clicant<a href=\"index.php?module=IWforms&amp;func=download&amp;fid=3&amp;fndid=15&amp;fileName=Autoritzaci%C3%B3_abs%C3%A8ncia_centre_alumnes_batxillerat.doc\" target=\"_blank\"> <\/a><a href=\"index.php?module=IWforms&amp;func=download&amp;fid=3&amp;fndid=15&amp;fileName=Autoritzaci%C3%B3_abs%C3%A8ncia_centre_alumnes_batxillerat.doc\" target=\"_blank\">aqu\u00ed<\/a>.<\/span><\/font><\/p>\n<div align=\"justify\"> <\/div>\n<p align=\"justify\" class=\" \" style=\"text-align: justify; color: #0003ff;\"><font size=\"4\" face=\"arial,helvetica,sans-serif\"><span lang=\"CA\" style=\"font-size: 12pt; font-family: Arial;\"> <\/span><\/font><\/p>\n<div align=\"justify\"> <\/div>\n<p align=\"justify\" class=\" \" style=\"text-align: justify; color: #0003ff;\"><font size=\"4\" face=\"arial,helvetica,sans-serif\"><span lang=\"CA\" style=\"font-size: 12pt; font-family: Arial;\">Haureu de dur aquest document a la secretaria del<br \/>\ncentre.<\/span><\/font><\/p>\n<div align=\"justify\"> <\/div>\n<p align=\"justify\" class=\" \" style=\"text-align: justify; color: #0003ff;\"><font size=\"4\" face=\"arial,helvetica,sans-serif\"><span lang=\"CA\" style=\"font-size: 12pt; font-family: Arial;\"> <\/span><\/font><\/p>\n<div align=\"justify\"> <\/div>\n<p align=\"justify\" class=\" \" style=\"text-align: justify; color: #0003ff;\"><font size=\"4\" face=\"arial,helvetica,sans-serif\"><span lang=\"CA\" style=\"font-size: 12pt; font-family: Arial;\">Atentament,<\/span><\/font><\/p>\n<div align=\"justify\"> <\/div>\n<p align=\"justify\" class=\" \" style=\"text-align: justify; color: #0003ff;\"><font size=\"4\" face=\"arial,helvetica,sans-serif\"><span lang=\"CA\" style=\"font-size: 12pt; font-family: Arial;\"> <\/span><\/font><\/p>\n<div align=\"justify\"> <\/div>\n<p align=\"justify\" class=\" \" style=\"text-align: justify; color: #0003ff;\"><font size=\"4\" face=\"arial,helvetica,sans-serif\"><span lang=\"CA\" style=\"font-size: 12pt; font-family: Arial;\"> <\/span><\/font><\/p>\n<div align=\"justify\"> <\/div>\n<p align=\"justify\" class=\" \" style=\"text-align: justify; color: #0003ff;\"><font size=\"4\" face=\"arial,helvetica,sans-serif\"><span lang=\"CA\" style=\"font-size: 12pt; font-family: Arial;\"> <\/span><\/font><\/p>\n<div align=\"justify\"> <\/div>\n<p align=\"justify\" class=\" \" style=\"text-align: justify; color: #0003ff;\"><font size=\"4\" face=\"arial,helvetica,sans-serif\"><span lang=\"CA\" style=\"font-size: 12pt; font-family: Arial;\">Ramon Sol\u00e0 i Ferrer<\/span><\/font><\/p>\n<div align=\"justify\"> <\/div>\n<p align=\"justify\" class=\" \" style=\"text-align: justify; color: #0003ff;\"><font size=\"4\" face=\"arial,helvetica,sans-serif\"><span lang=\"CA\" style=\"font-size: 12pt; font-family: Arial;\">Director<\/span><\/font><\/p>\n","protected":false},"excerpt":{"rendered":"<p>Informaci\u00f3 fam\u00edlies batxillerat<\/p>\n<p>Benvolguts pares i mares,<\/p>\n<p>En el Consell Escolar celebrat el dia 16 de gener de<br \/>\n2012 es va aprovar la possibilitat que els alumnes de Batxillerat puguin sortir<br \/>\ndel centre a qualsevol hora lectiva que falti algun professor; aquest sup\u00f2sit<br \/>\namplia&hellip;  <a href=\"https:\/\/agora.xtec.cat\/iesmiquelbosch\/general\/autoritzacions-sortir-del-centre-alumnes-btx\/\" title=\"Read Autoritzacions sortir del centre alumnes BTX\">Llegeix m\u00e9s\u00bb<\/a><\/p>\n","protected":false},"author":4,"featured_media":0,"comment_status":"open","ping_status":"open","sticky":false,"template":"","format":"standard","meta":{"_bbp_topic_count":0,"_bbp_reply_count":0,"_bbp_total_topic_count":0,"_bbp_total_reply_count":0,"_bbp_voice_count":0,"_bbp_anonymous_reply_count":0,"_bbp_topic_count_hidden":0,"_bbp_reply_count_hidden":0,"_bbp_forum_subforum_count":0,"footnotes":""},"categories":[1],"tags":[70,73],"class_list":["post-719","post","type-post","status-publish","format-standard","hentry","category-general","tag-intraweb","tag-noticies"],"post_mailing_queue_ids":[],"_links":{"self":[{"href":"https:\/\/agora.xtec.cat\/iesmiquelbosch\/wp-json\/wp\/v2\/posts\/719","targetHints":{"allow":["GET"]}}],"collection":[{"href":"https:\/\/agora.xtec.cat\/iesmiquelbosch\/wp-json\/wp\/v2\/posts"}],"about":[{"href":"https:\/\/agora.xtec.cat\/iesmiquelbosch\/wp-json\/wp\/v2\/types\/post"}],"author":[{"embeddable":true,"href":"https:\/\/agora.xtec.cat\/iesmiquelbosch\/wp-json\/wp\/v2\/users\/4"}],"replies":[{"embeddable":true,"href":"https:\/\/agora.xtec.cat\/iesmiquelbosch\/wp-json\/wp\/v2\/comments?post=719"}],"version-history":[{"count":1,"href":"https:\/\/agora.xtec.cat\/iesmiquelbosch\/wp-json\/wp\/v2\/posts\/719\/revisions"}],"predecessor-version":[{"id":1454,"href":"https:\/\/agora.xtec.cat\/iesmiquelbosch\/wp-json\/wp\/v2\/posts\/719\/revisions\/1454"}],"wp:attachment":[{"href":"https:\/\/agora.xtec.cat\/iesmiquelbosch\/wp-json\/wp\/v2\/media?parent=719"}],"wp:term":[{"taxonomy":"category","embeddable":true,"href":"https:\/\/agora.xtec.cat\/iesmiquelbosch\/wp-json\/wp\/v2\/categories?post=719"},{"taxonomy":"post_tag","embeddable":true,"href":"https:\/\/agora.xtec.cat\/iesmiquelbosch\/wp-json\/wp\/v2\/tags?post=719"}],"curies":[{"name":"wp","href":"https:\/\/api.w.org\/{rel}","templated":true}]}}