{"id":708,"date":"2012-03-22T13:01:56","date_gmt":"2012-03-22T12:01:56","guid":{"rendered":"http:\/\/agora.xtec.cat\/iesmiquelbosch\/general\/informacions-viatge-a-tenerife-2n-btx\/"},"modified":"2016-07-20T16:03:21","modified_gmt":"2016-07-20T15:03:21","slug":"informacions-viatge-a-tenerife-2n-btx","status":"publish","type":"post","link":"https:\/\/agora.xtec.cat\/iesmiquelbosch\/general\/informacions-viatge-a-tenerife-2n-btx\/","title":{"rendered":"Informacions viatge a Tenerife 2n BTX"},"content":{"rendered":"<p align=\"center\" style=\"color: #b200b4;\"><strong><font size=\"5\" face=\"arial,helvetica,sans-serif\">Informacions viatge a Tenerife 2n BTX<\/font><\/strong><\/p>\n<p><font size=\"4\" face=\"arial,helvetica,sans-serif\" style=\"color: #b200b4;\">Cliqueu a Not\u00edcia completa per accedir a la informaci\u00f3. <\/font><\/p>\n<p><!--[if gte mso 9]><xml>\n <w:WordDocument>\n  <w:View>Normal<\/w:View>\n  <w:Zoom>0<\/w:Zoom>\n  <w:HyphenationZone>21<\/w:HyphenationZone>\n  <w:PunctuationKerning\/>\n  <w:ValidateAgainstSchemas\/>\n  <w:SaveIfXMLInvalid>false<\/w:SaveIfXMLInvalid>\n  <w:IgnoreMixedContent>false<\/w:IgnoreMixedContent>\n  <w:AlwaysShowPlaceholderText>false<\/w:AlwaysShowPlaceholderText>\n  <w:Compatibility>\n   <w:BreakWrappedTables\/>\n   <w:SnapToGridInCell\/>\n   <w:WrapTextWithPunct\/>\n   <w:UseAsianBreakRules\/>\n   <w:DontGrowAutofit\/>\n  <\/w:Compatibility>\n  <w:BrowserLevel>MicrosoftInternetExplorer4<\/w:BrowserLevel>\n <\/w:WordDocument>\n<\/xml><![endif]--><!--[if gte mso 9]><xml>\n <w:LatentStyles DefLockedState=\"false\" LatentStyleCount=\"156\">\n <\/w:LatentStyles>\n<\/xml><![endif]--><!--[if gte mso 10]>\n\n\n<style>\n \/* Style Definitions *\/\n table.MsoNormalTable\n\t{mso-style-name:\"Tabla normal\";\n\tmso-tstyle-rowband-size:0;\n\tmso-tstyle-colband-size:0;\n\tmso-style-noshow:yes;\n\tmso-style-parent:\"\";\n\tmso-padding-alt:0cm 5.4pt 0cm 5.4pt;\n\tmso-para-margin:0cm;\n\tmso-para-margin-bottom:.0001pt;\n\tmso-pagination:widow-orphan;\n\tfont-size:10.0pt;\n\tfont-family:\"Times New Roman\";\n\tmso-ansi-language:#0400;\n\tmso-fareast-language:#0400;\n\tmso-bidi-language:#0400;}\n<\/style>\n\n\n<![endif]--> <\/p>\n<p align=\"justify\" style=\"color: #7600b4;\" class=\"MsoNormal\"><font size=\"4\" face=\"arial,helvetica,sans-serif\"><span lang=\"CA\">\u00b7 A l\u2019hotel cal<br \/>\nlliurar un dip\u00f2sit de 30 euros per persona en arribar, que ser\u00e0 retornat en cas<br \/>\nque no es produeixi cap desperfecte.<\/span><\/font><\/p>\n<div align=\"justify\" style=\"color: #7600b4;\"> <\/div>\n<p align=\"justify\" style=\"color: #7600b4;\" class=\"MsoNormal\"><font size=\"4\" face=\"arial,helvetica,sans-serif\"><span lang=\"CA\">\u00b7 La distribuci\u00f3<br \/>\nd\u2019habitacions \u00e9s la seg\u00fcent:<br \/>&nbsp;&nbsp; Noies: 2<br \/>\nhabitacions triples i una doble<br \/>&nbsp;&nbsp; Nois: 4<br \/>\nhabitacions triples i una qu\u00e0druple<\/span><\/font><\/p>\n<div align=\"justify\" style=\"color: #7600b4;\"> <\/div>\n<p align=\"justify\" style=\"color: #7600b4;\" class=\"MsoNormal\"><font size=\"4\" face=\"arial,helvetica,sans-serif\"><span lang=\"CA\">\u00b7 Cal dur roba i<br \/>\ncal\u00e7at c\u00f2mode, a m\u00e9s d\u2019algun anorac o jaqueta pel dia que es visita el Teide.<br \/>\nTamb\u00e9 es recomana portar unes sabatilles de goma per caminar per la platja.<\/span><\/font><\/p>\n<div align=\"justify\" style=\"color: #7600b4;\"> <\/div>\n<p align=\"justify\" style=\"color: #7600b4;\" class=\"MsoNormal\"><font size=\"4\" face=\"arial,helvetica,sans-serif\"><span lang=\"CA\">\u00b7 El dilluns, 26 de<br \/>\nmar\u00e7, heu de portar l\u2019esmorzar i el dinar de casa, ja que esmorzareu a<br \/>\nl\u2019aeroport de BCN i dinareu en arribar a Tenerife, abans d\u2019instal\u00b7lar-vos a<br \/>\nl\u2019hotel. Podeu portar la beguda de l\u2019esmorzar a l\u2019equipatge de m\u00e0 i la del<br \/>\ndinar, a la maleta.<\/span><\/font><\/p>\n<div align=\"justify\" style=\"color: #7600b4;\"> <\/div>\n<p align=\"justify\" style=\"color: #7600b4;\" class=\"MsoNormal\"><font size=\"4\" face=\"arial,helvetica,sans-serif\"><span lang=\"CA\">\u00b7 Recordeu que cal portar la documentaci\u00f3 seg\u00fcent:<br \/>&nbsp; &#8211; DNI o passaport.<br \/>&nbsp; &#8211; Targeta sanit\u00e0ria<br \/>\n+ fotoc\u00f2pia del document d\u2019afiliaci\u00f3 a la Seguretat Social,&nbsp; o b\u00e9, Targeta Sanit\u00e0ria<br \/>\nEuropea. Si teniu la targeta caducada no passa res, ja que nom\u00e9s interessa saber el n\u00famero d&#8217;afiliaci\u00f3 a la Seguretat Social, incl\u00f2s a la Targeta Europea.<br \/><\/span><\/font><\/p>\n<div align=\"justify\" style=\"color: #7600b4;\"> <\/div>\n<p align=\"justify\" style=\"color: #7600b4;\" class=\"MsoNormal\"><font size=\"4\" face=\"arial,helvetica,sans-serif\"><span lang=\"CA\">&nbsp;\u00b7 M\u00e9s informaci\u00f3:<br \/>&nbsp;&nbsp; &#8211; <a target=\"_blank\" href=\"\/iesmiquelbosch\/intranet\/index.php?module=IWforms&amp;func=download&amp;fid=3&amp;fndid=15&amp;fileName=INFORMACI%C3%93_VIATGE_2n_BTX.doc\">Document lliurat<br \/>\na la reuni\u00f3 de pares, amb horaris dels vols i visites previstes, entre<br \/>\nd\u2019altres.<\/a><br \/>&nbsp;&nbsp; &#8211; <a target=\"_blank\" href=\"\/iesmiquelbosch\/intranet\/index.php?module=IWforms&amp;func=download&amp;fid=3&amp;fndid=15&amp;fileName=TENERIFE_-_ARTES_2012_itinerari_i_descripci%C3%B3_sortides1.doc\">Itinerari i descripci\u00f3 de les<br \/>\nexcursions a Icod i Garachico i al Teide.<\/a><br \/>&nbsp;&nbsp; &#8211; <a target=\"_blank\" href=\"http:\/\/www.loroparque.com\/\">P\u00e0gina web del<br \/>\nLoro Parque<\/a>. Si cliqueu al mapa i llavors a la icona pdf, podreu accedir al mapa<br \/>\ndel parc i als horaris dels shows.<\/p>\n<p><\/span><\/font><\/p>\n<div align=\"center\"> <\/div>\n","protected":false},"excerpt":{"rendered":"<p>Informacions viatge a Tenerife 2n BTX<br \/>\nCliqueu a Not\u00edcia completa per accedir a la informaci\u00f3. <\/p>\n<p>\u00b7 A l\u2019hotel cal<br \/>\nlliurar un dip\u00f2sit de 30 euros per persona en arribar, que ser\u00e0 retornat en cas<br \/>\nque no es produeixi cap desperfecte.<\/p>\n<p>\u00b7 La distribuci\u00f3<br \/>\nd\u2019habitacions \u00e9s la seg\u00fcent:&nbsp;&nbsp; Noies:&hellip;  <a href=\"https:\/\/agora.xtec.cat\/iesmiquelbosch\/general\/informacions-viatge-a-tenerife-2n-btx\/\" title=\"Read Informacions viatge a Tenerife 2n BTX\">Llegeix m\u00e9s\u00bb<\/a><\/p>\n","protected":false},"author":4,"featured_media":0,"comment_status":"open","ping_status":"open","sticky":false,"template":"","format":"standard","meta":{"_bbp_topic_count":0,"_bbp_reply_count":0,"_bbp_total_topic_count":0,"_bbp_total_reply_count":0,"_bbp_voice_count":0,"_bbp_anonymous_reply_count":0,"_bbp_topic_count_hidden":0,"_bbp_reply_count_hidden":0,"_bbp_forum_subforum_count":0,"footnotes":""},"categories":[1],"tags":[70,73],"class_list":["post-708","post","type-post","status-publish","format-standard","hentry","category-general","tag-intraweb","tag-noticies"],"post_mailing_queue_ids":[],"_links":{"self":[{"href":"https:\/\/agora.xtec.cat\/iesmiquelbosch\/wp-json\/wp\/v2\/posts\/708","targetHints":{"allow":["GET"]}}],"collection":[{"href":"https:\/\/agora.xtec.cat\/iesmiquelbosch\/wp-json\/wp\/v2\/posts"}],"about":[{"href":"https:\/\/agora.xtec.cat\/iesmiquelbosch\/wp-json\/wp\/v2\/types\/post"}],"author":[{"embeddable":true,"href":"https:\/\/agora.xtec.cat\/iesmiquelbosch\/wp-json\/wp\/v2\/users\/4"}],"replies":[{"embeddable":true,"href":"https:\/\/agora.xtec.cat\/iesmiquelbosch\/wp-json\/wp\/v2\/comments?post=708"}],"version-history":[{"count":1,"href":"https:\/\/agora.xtec.cat\/iesmiquelbosch\/wp-json\/wp\/v2\/posts\/708\/revisions"}],"predecessor-version":[{"id":1443,"href":"https:\/\/agora.xtec.cat\/iesmiquelbosch\/wp-json\/wp\/v2\/posts\/708\/revisions\/1443"}],"wp:attachment":[{"href":"https:\/\/agora.xtec.cat\/iesmiquelbosch\/wp-json\/wp\/v2\/media?parent=708"}],"wp:term":[{"taxonomy":"category","embeddable":true,"href":"https:\/\/agora.xtec.cat\/iesmiquelbosch\/wp-json\/wp\/v2\/categories?post=708"},{"taxonomy":"post_tag","embeddable":true,"href":"https:\/\/agora.xtec.cat\/iesmiquelbosch\/wp-json\/wp\/v2\/tags?post=708"}],"curies":[{"name":"wp","href":"https:\/\/api.w.org\/{rel}","templated":true}]}}