{"id":700,"date":"2012-03-01T16:44:27","date_gmt":"2012-03-01T15:44:27","guid":{"rendered":"http:\/\/agora.xtec.cat\/iesmiquelbosch\/general\/preinscripcio-i-matricula-eso-i-batxillerat-2012-13\/"},"modified":"2016-07-20T16:03:21","modified_gmt":"2016-07-20T15:03:21","slug":"preinscripcio-i-matricula-eso-i-batxillerat-2012-13","status":"publish","type":"post","link":"https:\/\/agora.xtec.cat\/iesmiquelbosch\/general\/preinscripcio-i-matricula-eso-i-batxillerat-2012-13\/","title":{"rendered":"Preinscripci\u00f3 i matr\u00edcula ESO i Batxillerat 2012-13"},"content":{"rendered":"<p style=\"color: #5200ff;\"><font size=\"5\" face=\"arial,helvetica,sans-serif\">PREINSCRIPCI\u00d3 I MATR\u00cdCULA ESO I BATXILLERAT 2012\/13<\/font><\/p>\n<p><font size=\"4\" face=\"arial,helvetica,sans-serif\" style=\"color: #5200ff;\">Per a m\u00e9s informaci\u00f3 cliqueu <a href=\"\/iesmiquelbosch\/intranet\/index.php?module=IWforms&amp;func=download&amp;fid=3&amp;fndid=15&amp;fileName=PREINSCRIPCI%C3%93_I_MATRICULA_2012-131.doc\">aqu\u00ed<\/a><\/font><\/p>\n<p><img decoding=\"async\" src=\"index.php?module=IWforms&amp;func=download&amp;fid=3&amp;fndid=16&amp;fileName=llibre_i_ulleres1.gif\" \/><\/p>\n<p><font size=\"4\" face=\"arial,helvetica,sans-serif\" style=\"color: #5200ff;\">Per veure la web del Departament d&#8217;Ensenyament amb tota la informaci\u00f3 sobre la preinscripci\u00f3 i matr\u00edcula, entreu en aquest <a href=\"http:\/\/www20.gencat.cat\/portal\/site\/queestudiar\/menuitem.ef1906fb69d36fe8e85c7273b0c0e1a0\/?vgnextoid=06ff5a9d0af2b210VgnVCM2000009b0c1e0aRCRD&amp;appInstanceName=default\">enlla\u00e7<\/a><\/font><\/p>\n<\/p>\n<p><\/p>\n","protected":false},"excerpt":{"rendered":"<p>PREINSCRIPCI\u00d3 I MATR\u00cdCULA ESO I BATXILLERAT 2012\/13<br \/>\nPer a m\u00e9s informaci\u00f3 cliqueu <a href=\"\/iesmiquelbosch\/intranet\/index.php?module=IWforms&amp;func=download&amp;fid=3&amp;fndid=15&amp;fileName=PREINSCRIPCI%C3%93_I_MATRICULA_2012-131.doc\">aqu\u00ed<\/a><\/p>\n<p>Per veure la web del Departament d&#8217;Ensenyament amb tota la informaci\u00f3 sobre la preinscripci\u00f3 i matr\u00edcula, entreu en aquest <a href=\"http:\/\/www20.gencat.cat\/portal\/site\/queestudiar\/menuitem.ef1906fb69d36fe8e85c7273b0c0e1a0\/?vgnextoid=06ff5a9d0af2b210VgnVCM2000009b0c1e0aRCRD&amp;appInstanceName=default\">enlla\u00e7<\/a><\/p>\n","protected":false},"author":33,"featured_media":0,"comment_status":"open","ping_status":"open","sticky":false,"template":"","format":"standard","meta":{"_bbp_topic_count":0,"_bbp_reply_count":0,"_bbp_total_topic_count":0,"_bbp_total_reply_count":0,"_bbp_voice_count":0,"_bbp_anonymous_reply_count":0,"_bbp_topic_count_hidden":0,"_bbp_reply_count_hidden":0,"_bbp_forum_subforum_count":0,"footnotes":""},"categories":[1],"tags":[70,73],"class_list":["post-700","post","type-post","status-publish","format-standard","hentry","category-general","tag-intraweb","tag-noticies"],"post_mailing_queue_ids":[],"_links":{"self":[{"href":"https:\/\/agora.xtec.cat\/iesmiquelbosch\/wp-json\/wp\/v2\/posts\/700","targetHints":{"allow":["GET"]}}],"collection":[{"href":"https:\/\/agora.xtec.cat\/iesmiquelbosch\/wp-json\/wp\/v2\/posts"}],"about":[{"href":"https:\/\/agora.xtec.cat\/iesmiquelbosch\/wp-json\/wp\/v2\/types\/post"}],"author":[{"embeddable":true,"href":"https:\/\/agora.xtec.cat\/iesmiquelbosch\/wp-json\/wp\/v2\/users\/33"}],"replies":[{"embeddable":true,"href":"https:\/\/agora.xtec.cat\/iesmiquelbosch\/wp-json\/wp\/v2\/comments?post=700"}],"version-history":[{"count":1,"href":"https:\/\/agora.xtec.cat\/iesmiquelbosch\/wp-json\/wp\/v2\/posts\/700\/revisions"}],"predecessor-version":[{"id":1435,"href":"https:\/\/agora.xtec.cat\/iesmiquelbosch\/wp-json\/wp\/v2\/posts\/700\/revisions\/1435"}],"wp:attachment":[{"href":"https:\/\/agora.xtec.cat\/iesmiquelbosch\/wp-json\/wp\/v2\/media?parent=700"}],"wp:term":[{"taxonomy":"category","embeddable":true,"href":"https:\/\/agora.xtec.cat\/iesmiquelbosch\/wp-json\/wp\/v2\/categories?post=700"},{"taxonomy":"post_tag","embeddable":true,"href":"https:\/\/agora.xtec.cat\/iesmiquelbosch\/wp-json\/wp\/v2\/tags?post=700"}],"curies":[{"name":"wp","href":"https:\/\/api.w.org\/{rel}","templated":true}]}}