{"id":686,"date":"2012-02-05T20:03:20","date_gmt":"2012-02-05T19:03:20","guid":{"rendered":"http:\/\/agora.xtec.cat\/iesmiquelbosch\/general\/examen-historia-de-lart-2n-btx-b\/"},"modified":"2016-07-20T16:03:20","modified_gmt":"2016-07-20T15:03:20","slug":"examen-historia-de-lart-2n-btx-b","status":"publish","type":"post","link":"https:\/\/agora.xtec.cat\/iesmiquelbosch\/general\/examen-historia-de-lart-2n-btx-b\/","title":{"rendered":"Examen hist\u00f2ria de l&#8217;art 2n BTX B"},"content":{"rendered":"<p align=\"center\" style=\"color: #01a500;\"><strong><font size=\"5\" face=\"arial,helvetica,sans-serif\">Examen Hist\u00f2ria de l&#8217;art 2n BTX B<\/font><\/strong> <\/p>\n<p align=\"justify\"><font size=\"4\" face=\"arial,helvetica,sans-serif\" style=\"color: #01a500;\">Dem\u00e0 es far\u00e0 l&#8217;examen d&#8217;hist\u00f2ria de l&#8217;art que no es va poder fer el divendres passat. L&#8217;examen comen\u00e7ar\u00e0 a les 14:30 hores. <\/font><\/p>\n","protected":false},"excerpt":{"rendered":"<p>Examen Hist\u00f2ria de l&#8217;art 2n BTX B<br \/>\nDem\u00e0 es far\u00e0 l&#8217;examen d&#8217;hist\u00f2ria de l&#8217;art que no es va poder fer el divendres passat. L&#8217;examen comen\u00e7ar\u00e0 a les 14:30 hores. <\/p>\n","protected":false},"author":4,"featured_media":0,"comment_status":"open","ping_status":"open","sticky":false,"template":"","format":"standard","meta":{"_bbp_topic_count":0,"_bbp_reply_count":0,"_bbp_total_topic_count":0,"_bbp_total_reply_count":0,"_bbp_voice_count":0,"_bbp_anonymous_reply_count":0,"_bbp_topic_count_hidden":0,"_bbp_reply_count_hidden":0,"_bbp_forum_subforum_count":0,"footnotes":""},"categories":[1],"tags":[70,73],"class_list":["post-686","post","type-post","status-publish","format-standard","hentry","category-general","tag-intraweb","tag-noticies"],"post_mailing_queue_ids":[],"_links":{"self":[{"href":"https:\/\/agora.xtec.cat\/iesmiquelbosch\/wp-json\/wp\/v2\/posts\/686","targetHints":{"allow":["GET"]}}],"collection":[{"href":"https:\/\/agora.xtec.cat\/iesmiquelbosch\/wp-json\/wp\/v2\/posts"}],"about":[{"href":"https:\/\/agora.xtec.cat\/iesmiquelbosch\/wp-json\/wp\/v2\/types\/post"}],"author":[{"embeddable":true,"href":"https:\/\/agora.xtec.cat\/iesmiquelbosch\/wp-json\/wp\/v2\/users\/4"}],"replies":[{"embeddable":true,"href":"https:\/\/agora.xtec.cat\/iesmiquelbosch\/wp-json\/wp\/v2\/comments?post=686"}],"version-history":[{"count":1,"href":"https:\/\/agora.xtec.cat\/iesmiquelbosch\/wp-json\/wp\/v2\/posts\/686\/revisions"}],"predecessor-version":[{"id":1421,"href":"https:\/\/agora.xtec.cat\/iesmiquelbosch\/wp-json\/wp\/v2\/posts\/686\/revisions\/1421"}],"wp:attachment":[{"href":"https:\/\/agora.xtec.cat\/iesmiquelbosch\/wp-json\/wp\/v2\/media?parent=686"}],"wp:term":[{"taxonomy":"category","embeddable":true,"href":"https:\/\/agora.xtec.cat\/iesmiquelbosch\/wp-json\/wp\/v2\/categories?post=686"},{"taxonomy":"post_tag","embeddable":true,"href":"https:\/\/agora.xtec.cat\/iesmiquelbosch\/wp-json\/wp\/v2\/tags?post=686"}],"curies":[{"name":"wp","href":"https:\/\/api.w.org\/{rel}","templated":true}]}}