{"id":682,"date":"2012-02-02T23:23:53","date_gmt":"2012-02-02T22:23:53","guid":{"rendered":"http:\/\/agora.xtec.cat\/iesmiquelbosch\/general\/obligatorietat-de-portar-el-carnet-de-transport-escolar\/"},"modified":"2016-07-20T16:03:19","modified_gmt":"2016-07-20T15:03:19","slug":"obligatorietat-de-portar-el-carnet-de-transport-escolar","status":"publish","type":"post","link":"https:\/\/agora.xtec.cat\/iesmiquelbosch\/general\/obligatorietat-de-portar-el-carnet-de-transport-escolar\/","title":{"rendered":"OBLIGATORIETAT  DE  PORTAR  EL  CARNET  DE  TRANSPORT  ESCOLAR"},"content":{"rendered":"<p>Creix el nombre d&#8217;alumnes despla\u00e7ats que habitualment NO porten el carnet de transport que els habilita per pujar gratu\u00eftament a l&#8217;autob\u00fas.<\/p>\n<p>Despr\u00e9s de les darreres inspeccions i de reiterades negatives d&#8217;alguns (pocs) alumnes a mostrar el carnet&nbsp; &nbsp;ES&nbsp; COMUNICA&nbsp; que a partir del dilluns dia 6 de febrer&nbsp; NOM\u00c9S ES TRANSPORTARAN AQUELLS ALUMNES QUE MOSTRIN EL SEU CARNET.&nbsp; EN&nbsp; CAS CONTRARI L&#8217;EMPRESA T\u00c9 EL DRET, I L&#8217;ACORD DE DIRECCI\u00d3, DE NO DEIXAR PUJAR CAP ALUMNE-A QUE&nbsp; NO&nbsp; PRESENTI&nbsp; EL SEU CARNET VIGENT.<\/p>\n","protected":false},"excerpt":{"rendered":"<p>Creix el nombre d&#8217;alumnes despla\u00e7ats que habitualment NO porten el carnet de transport que els habilita per pujar gratu\u00eftament a l&#8217;autob\u00fas.<br \/>\nDespr\u00e9s de les darreres inspeccions i de reiterades negatives d&#8217;alguns (pocs) alumnes a mostrar el carnet&nbsp; &nbsp;ES&nbsp; COMUNICA&nbsp; que a partir del dilluns dia 6&hellip;  <a href=\"https:\/\/agora.xtec.cat\/iesmiquelbosch\/general\/obligatorietat-de-portar-el-carnet-de-transport-escolar\/\" title=\"Read OBLIGATORIETAT  DE  PORTAR  EL  CARNET  DE  TRANSPORT  ESCOLAR\">Llegeix m\u00e9s\u00bb<\/a><\/p>\n","protected":false},"author":1,"featured_media":0,"comment_status":"open","ping_status":"open","sticky":false,"template":"","format":"standard","meta":{"_bbp_topic_count":0,"_bbp_reply_count":0,"_bbp_total_topic_count":0,"_bbp_total_reply_count":0,"_bbp_voice_count":0,"_bbp_anonymous_reply_count":0,"_bbp_topic_count_hidden":0,"_bbp_reply_count_hidden":0,"_bbp_forum_subforum_count":0,"footnotes":""},"categories":[1],"tags":[70,73],"class_list":["post-682","post","type-post","status-publish","format-standard","hentry","category-general","tag-intraweb","tag-noticies"],"post_mailing_queue_ids":[],"_links":{"self":[{"href":"https:\/\/agora.xtec.cat\/iesmiquelbosch\/wp-json\/wp\/v2\/posts\/682","targetHints":{"allow":["GET"]}}],"collection":[{"href":"https:\/\/agora.xtec.cat\/iesmiquelbosch\/wp-json\/wp\/v2\/posts"}],"about":[{"href":"https:\/\/agora.xtec.cat\/iesmiquelbosch\/wp-json\/wp\/v2\/types\/post"}],"author":[{"embeddable":true,"href":"https:\/\/agora.xtec.cat\/iesmiquelbosch\/wp-json\/wp\/v2\/users\/1"}],"replies":[{"embeddable":true,"href":"https:\/\/agora.xtec.cat\/iesmiquelbosch\/wp-json\/wp\/v2\/comments?post=682"}],"version-history":[{"count":1,"href":"https:\/\/agora.xtec.cat\/iesmiquelbosch\/wp-json\/wp\/v2\/posts\/682\/revisions"}],"predecessor-version":[{"id":1417,"href":"https:\/\/agora.xtec.cat\/iesmiquelbosch\/wp-json\/wp\/v2\/posts\/682\/revisions\/1417"}],"wp:attachment":[{"href":"https:\/\/agora.xtec.cat\/iesmiquelbosch\/wp-json\/wp\/v2\/media?parent=682"}],"wp:term":[{"taxonomy":"category","embeddable":true,"href":"https:\/\/agora.xtec.cat\/iesmiquelbosch\/wp-json\/wp\/v2\/categories?post=682"},{"taxonomy":"post_tag","embeddable":true,"href":"https:\/\/agora.xtec.cat\/iesmiquelbosch\/wp-json\/wp\/v2\/tags?post=682"}],"curies":[{"name":"wp","href":"https:\/\/api.w.org\/{rel}","templated":true}]}}