{"id":678,"date":"2012-02-02T08:46:18","date_gmt":"2012-02-02T07:46:18","guid":{"rendered":"http:\/\/agora.xtec.cat\/iesmiquelbosch\/general\/ajornada-la-sortida-de-segon-deso-avui-a-barcelona\/"},"modified":"2016-07-20T16:03:19","modified_gmt":"2016-07-20T15:03:19","slug":"ajornada-la-sortida-de-segon-deso-avui-a-barcelona","status":"publish","type":"post","link":"https:\/\/agora.xtec.cat\/iesmiquelbosch\/general\/ajornada-la-sortida-de-segon-deso-avui-a-barcelona\/","title":{"rendered":"AJORNADA LA SORTIDA DE SEGON D&#8217;ESO, AVUI, A BARCELONA"},"content":{"rendered":"<p>El centre informa les fam\u00edlies de SEGON d&#8217;ESO que s&#8217;ha decidit ajornar la sortida prevista per a avui a CosmoCaixa (Barcelona). M\u00e9s endavant us comunicarem en quina altra data es podr\u00e0 realitzar. L&#8217;alumnat romandr\u00e0 a les aules de l&#8217;institut seguint l&#8217;horari habitual de classes.<\/p>\n<\/p>\n<p>Professors organitzadors<\/p>\n<p> Equip directiu<\/p>\n","protected":false},"excerpt":{"rendered":"<p>El centre informa les fam\u00edlies de SEGON d&#8217;ESO que s&#8217;ha decidit ajornar la sortida prevista per a avui a CosmoCaixa (Barcelona). M\u00e9s endavant us comunicarem en quina altra data es podr\u00e0 realitzar. L&#8217;alumnat romandr\u00e0 a les aules de l&#8217;institut seguint l&#8217;horari habitual de classes.<\/p>\n<p>Professors organitzadors<br \/>\n&hellip;  <a href=\"https:\/\/agora.xtec.cat\/iesmiquelbosch\/general\/ajornada-la-sortida-de-segon-deso-avui-a-barcelona\/\" title=\"Read AJORNADA LA SORTIDA DE SEGON D&#8217;ESO, AVUI, A BARCELONA\">Llegeix m\u00e9s\u00bb<\/a><\/p>\n","protected":false},"author":1,"featured_media":0,"comment_status":"open","ping_status":"open","sticky":false,"template":"","format":"standard","meta":{"_bbp_topic_count":0,"_bbp_reply_count":0,"_bbp_total_topic_count":0,"_bbp_total_reply_count":0,"_bbp_voice_count":0,"_bbp_anonymous_reply_count":0,"_bbp_topic_count_hidden":0,"_bbp_reply_count_hidden":0,"_bbp_forum_subforum_count":0,"footnotes":""},"categories":[1],"tags":[70,73],"class_list":["post-678","post","type-post","status-publish","format-standard","hentry","category-general","tag-intraweb","tag-noticies"],"post_mailing_queue_ids":[],"_links":{"self":[{"href":"https:\/\/agora.xtec.cat\/iesmiquelbosch\/wp-json\/wp\/v2\/posts\/678","targetHints":{"allow":["GET"]}}],"collection":[{"href":"https:\/\/agora.xtec.cat\/iesmiquelbosch\/wp-json\/wp\/v2\/posts"}],"about":[{"href":"https:\/\/agora.xtec.cat\/iesmiquelbosch\/wp-json\/wp\/v2\/types\/post"}],"author":[{"embeddable":true,"href":"https:\/\/agora.xtec.cat\/iesmiquelbosch\/wp-json\/wp\/v2\/users\/1"}],"replies":[{"embeddable":true,"href":"https:\/\/agora.xtec.cat\/iesmiquelbosch\/wp-json\/wp\/v2\/comments?post=678"}],"version-history":[{"count":1,"href":"https:\/\/agora.xtec.cat\/iesmiquelbosch\/wp-json\/wp\/v2\/posts\/678\/revisions"}],"predecessor-version":[{"id":1413,"href":"https:\/\/agora.xtec.cat\/iesmiquelbosch\/wp-json\/wp\/v2\/posts\/678\/revisions\/1413"}],"wp:attachment":[{"href":"https:\/\/agora.xtec.cat\/iesmiquelbosch\/wp-json\/wp\/v2\/media?parent=678"}],"wp:term":[{"taxonomy":"category","embeddable":true,"href":"https:\/\/agora.xtec.cat\/iesmiquelbosch\/wp-json\/wp\/v2\/categories?post=678"},{"taxonomy":"post_tag","embeddable":true,"href":"https:\/\/agora.xtec.cat\/iesmiquelbosch\/wp-json\/wp\/v2\/tags?post=678"}],"curies":[{"name":"wp","href":"https:\/\/api.w.org\/{rel}","templated":true}]}}