{"id":673,"date":"2012-01-24T22:21:56","date_gmt":"2012-01-24T21:21:56","guid":{"rendered":"http:\/\/agora.xtec.cat\/iesmiquelbosch\/general\/1a-conferencia-de-jovenes-cuidemos-el-planeta\/"},"modified":"2016-07-20T16:03:19","modified_gmt":"2016-07-20T15:03:19","slug":"1a-conferencia-de-jovenes-cuidemos-el-planeta","status":"publish","type":"post","link":"https:\/\/agora.xtec.cat\/iesmiquelbosch\/general\/1a-conferencia-de-jovenes-cuidemos-el-planeta\/","title":{"rendered":"1a Conferencia de J\u00f3venes: cuidemos el planeta"},"content":{"rendered":"<p align=\"center\" style=\"color: #4400d2;\"><font size=\"4\" face=\"arial,helvetica,sans-serif\"><strong><font size=\"5\">1a Conferencia de J\u00f3venes: cuidemos el planeta<\/font><br \/>Escola Verda<\/strong><br \/><\/font><\/p>\n<p align=\"justify\" style=\"color: #4400d2;\"><font size=\"4\" face=\"arial,helvetica,sans-serif\">Dem\u00e0, 25 de gener, la Laura Borralleras de 2n ESO B viatjar\u00e0 cap a Vit\u00f2ria amb estudiants d&#8217;altres centres per participar en la <em>1a Conferencia de J\u00f3venes: cuidemos el planeta<\/em>. <\/font><\/p>\n<p align=\"justify\" style=\"color: #4400d2;\"><font size=\"4\" face=\"arial,helvetica,sans-serif\">La Laura va participar tamb\u00e9 en la Confer\u00e8ncia catalana del passat 17 de novembre, on van ser escollits els delegats i delegades catalans que participaran aquests dies en aquesta trobada d&#8217;estudiants de cinc comunitats aut\u00f2nomes.<\/font><\/p>\n<p align=\"justify\"><font size=\"4\" face=\"arial,helvetica,sans-serif\" style=\"color: #4400d2;\">Bon viatge!<img decoding=\"async\" src=\"\/iesmiquelbosch\/intranet\/index.php?module=IWforms&amp;func=download&amp;fid=3&amp;fndid=15&amp;fileName=bus012.gif\" \/><\/font><\/p>\n","protected":false},"excerpt":{"rendered":"<p>1a Conferencia de J\u00f3venes: cuidemos el planetaEscola Verda<br \/>\nDem\u00e0, 25 de gener, la Laura Borralleras de 2n ESO B viatjar\u00e0 cap a Vit\u00f2ria amb estudiants d&#8217;altres centres per participar en la 1a Conferencia de J\u00f3venes: cuidemos el planeta.<br \/>\nLa Laura va participar tamb\u00e9 en la Confer\u00e8ncia&hellip;  <a href=\"https:\/\/agora.xtec.cat\/iesmiquelbosch\/general\/1a-conferencia-de-jovenes-cuidemos-el-planeta\/\" title=\"Read 1a Conferencia de J\u00f3venes: cuidemos el planeta\">Llegeix m\u00e9s\u00bb<\/a><\/p>\n","protected":false},"author":4,"featured_media":0,"comment_status":"open","ping_status":"open","sticky":false,"template":"","format":"standard","meta":{"_bbp_topic_count":0,"_bbp_reply_count":0,"_bbp_total_topic_count":0,"_bbp_total_reply_count":0,"_bbp_voice_count":0,"_bbp_anonymous_reply_count":0,"_bbp_topic_count_hidden":0,"_bbp_reply_count_hidden":0,"_bbp_forum_subforum_count":0,"footnotes":""},"categories":[1],"tags":[70,73],"class_list":["post-673","post","type-post","status-publish","format-standard","hentry","category-general","tag-intraweb","tag-noticies"],"post_mailing_queue_ids":[],"_links":{"self":[{"href":"https:\/\/agora.xtec.cat\/iesmiquelbosch\/wp-json\/wp\/v2\/posts\/673","targetHints":{"allow":["GET"]}}],"collection":[{"href":"https:\/\/agora.xtec.cat\/iesmiquelbosch\/wp-json\/wp\/v2\/posts"}],"about":[{"href":"https:\/\/agora.xtec.cat\/iesmiquelbosch\/wp-json\/wp\/v2\/types\/post"}],"author":[{"embeddable":true,"href":"https:\/\/agora.xtec.cat\/iesmiquelbosch\/wp-json\/wp\/v2\/users\/4"}],"replies":[{"embeddable":true,"href":"https:\/\/agora.xtec.cat\/iesmiquelbosch\/wp-json\/wp\/v2\/comments?post=673"}],"version-history":[{"count":1,"href":"https:\/\/agora.xtec.cat\/iesmiquelbosch\/wp-json\/wp\/v2\/posts\/673\/revisions"}],"predecessor-version":[{"id":1408,"href":"https:\/\/agora.xtec.cat\/iesmiquelbosch\/wp-json\/wp\/v2\/posts\/673\/revisions\/1408"}],"wp:attachment":[{"href":"https:\/\/agora.xtec.cat\/iesmiquelbosch\/wp-json\/wp\/v2\/media?parent=673"}],"wp:term":[{"taxonomy":"category","embeddable":true,"href":"https:\/\/agora.xtec.cat\/iesmiquelbosch\/wp-json\/wp\/v2\/categories?post=673"},{"taxonomy":"post_tag","embeddable":true,"href":"https:\/\/agora.xtec.cat\/iesmiquelbosch\/wp-json\/wp\/v2\/tags?post=673"}],"curies":[{"name":"wp","href":"https:\/\/api.w.org\/{rel}","templated":true}]}}