{"id":6714,"date":"2021-05-26T10:26:54","date_gmt":"2021-05-26T08:26:54","guid":{"rendered":"http:\/\/agora.xtec.cat\/iesmiquelbosch\/?p=6714"},"modified":"2021-07-13T22:39:38","modified_gmt":"2021-07-13T20:39:38","slug":"transport-escolar-21-22","status":"publish","type":"post","link":"https:\/\/agora.xtec.cat\/iesmiquelbosch\/general\/transport-escolar-21-22\/","title":{"rendered":"Sol\u00b7licitud transport escolar 21-22"},"content":{"rendered":"<table style=\"border-style: none; width: 866px; height: 52px;\">\n<tbody>\n<tr style=\"height: 52px;\">\n<td style=\"width: 39.9306px; border-style: solid; border-color: #ffffff; height: 52px;\"><img loading=\"lazy\" decoding=\"async\" class=\"alignleft wp-image-7032\" src=\"https:\/\/agora.xtec.cat\/iesmiquelbosch\/wp-content\/uploads\/usu626\/2021\/05\/M\u00e0-dreta.png\" alt=\"\" width=\"21\" height=\"21\" srcset=\"https:\/\/agora.xtec.cat\/iesmiquelbosch\/wp-content\/uploads\/usu626\/2021\/05\/M\u00e0-dreta.png 512w, https:\/\/agora.xtec.cat\/iesmiquelbosch\/wp-content\/uploads\/usu626\/2021\/05\/M\u00e0-dreta-150x150.png 150w, https:\/\/agora.xtec.cat\/iesmiquelbosch\/wp-content\/uploads\/usu626\/2021\/05\/M\u00e0-dreta-300x300.png 300w\" sizes=\"auto, (max-width: 21px) 100vw, 21px\" \/><\/td>\n<td style=\"width: 821.62px; border-color: #ffffff; height: 52px;\">S&#8217;obre el per\u00edode de sol\u00b7licituds de transport escolar, per als alumnes d&#8217;ESO i Batxillerat pel curs 21-22.<\/td>\n<\/tr>\n<tr>\n<td style=\"width: 39.9306px; border-style: solid; border-color: #ffffff;\"><a href=\"https:\/\/agora.xtec.cat\/iesmiquelbosch\/wp-content\/uploads\/usu626\/2021\/05\/Calendari.png\"><img loading=\"lazy\" decoding=\"async\" class=\"alignnone size-thumbnail wp-image-7036\" src=\"https:\/\/agora.xtec.cat\/iesmiquelbosch\/wp-content\/uploads\/usu626\/2021\/05\/Calendari-150x150.png\" alt=\"\" width=\"150\" height=\"150\" \/><\/a><\/td>\n<td style=\"width: 821.62px; border-color: #ffffff;\"><span style=\"text-decoration: underline;\"><strong>Termini<\/strong><\/span><\/p>\n<p><strong>Sol\u00b7licitud matr\u00edcula nova per ESO i BTX:\u00a0 18 de juny de 2021<\/strong><\/p>\n<p><strong>Sol\u00b7licitud de continu\u00eftat al centre educatiu per ESO i BTX: 4 de juny de 2021<\/strong><\/td>\n<\/tr>\n<tr>\n<td style=\"width: 39.9306px; border-style: solid; border-color: #ffffff;\">\u2714<\/td>\n<td style=\"width: 821.62px; border-color: #ffffff;\"><span style=\"text-decoration: underline;\"><strong>Com<\/strong><\/span><\/p>\n<p><strong>Sol\u00b7licitud telem\u00e0tica<\/strong><\/p>\n<p>Us recomanem que quan feu la sol\u00b7licitud telem\u00e0tica, amb registre electr\u00f2nic, ho feu mitjan\u00e7ant certificat digital o amb idCatm\u00f2bil. L&#8217;institut no recollir\u00e0 cap sol\u00b7licitud de transport.<\/p>\n<p>Tutorial per demanar idCatm\u00f2bil: <a href=\"https:\/\/agora.xtec.cat\/iesmiquelbosch\/wp-content\/uploads\/usu626\/2021\/05\/Instruccions-IDCAT-transport-escolar.pdf\">Instruccions IDCAT &#8211; transport escolar<\/a><\/td>\n<\/tr>\n<tr>\n<td style=\"width: 39.9306px; border-style: solid; border-color: #ffffff;\"><a href=\"https:\/\/agora.xtec.cat\/iesmiquelbosch\/wp-content\/uploads\/usu626\/2021\/05\/Enlla\u00e7.png\"><img loading=\"lazy\" decoding=\"async\" class=\"alignnone size-thumbnail wp-image-7037\" src=\"https:\/\/agora.xtec.cat\/iesmiquelbosch\/wp-content\/uploads\/usu626\/2021\/05\/Enlla\u00e7-150x150.png\" alt=\"\" width=\"150\" height=\"150\" srcset=\"https:\/\/agora.xtec.cat\/iesmiquelbosch\/wp-content\/uploads\/usu626\/2021\/05\/Enlla\u00e7-150x150.png 150w, https:\/\/agora.xtec.cat\/iesmiquelbosch\/wp-content\/uploads\/usu626\/2021\/05\/Enlla\u00e7.png 225w\" sizes=\"auto, (max-width: 150px) 100vw, 150px\" \/><\/a><\/td>\n<td style=\"width: 821.62px; border-color: #ffffff;\">Per sol\u00b7licitar transport escolar, entreu aqu\u00ed:<a href=\"https:\/\/www.ccbages.cat\/educacioicultura\/educacio\/transport\/\">https:\/\/www.ccbages.cat\/educacioicultura\/educacio\/transport\/<\/a><\/td>\n<\/tr>\n<\/tbody>\n<\/table>\n<p>&nbsp;<\/p>\n","protected":false},"excerpt":{"rendered":"<p>S&#8217;obre el per\u00edode de sol\u00b7licituds de transport escolar, per als alumnes d&#8217;ESO i Batxillerat pel curs 21-22. Termini Sol\u00b7licitud matr\u00edcula nova per ESO i BTX:\u00a0 18 de juny de 2021 Sol\u00b7licitud de continu\u00eftat al centre educatiu per ESO i BTX: 4 de juny de 2021 \u2714 Com Sol\u00b7licitud telem\u00e0tica Us recomanem que quan feu la [&hellip;]<\/p>\n","protected":false},"author":33,"featured_media":0,"comment_status":"open","ping_status":"closed","sticky":false,"template":"","format":"standard","meta":{"_bbp_topic_count":0,"_bbp_reply_count":0,"_bbp_total_topic_count":0,"_bbp_total_reply_count":0,"_bbp_voice_count":0,"_bbp_anonymous_reply_count":0,"_bbp_topic_count_hidden":0,"_bbp_reply_count_hidden":0,"_bbp_forum_subforum_count":0,"site-sidebar-layout":"default","site-content-layout":"","ast-site-content-layout":"","site-content-style":"default","site-sidebar-style":"default","ast-global-header-display":"","ast-banner-title-visibility":"","ast-main-header-display":"","ast-hfb-above-header-display":"","ast-hfb-below-header-display":"","ast-hfb-mobile-header-display":"","site-post-title":"","ast-breadcrumbs-content":"","ast-featured-img":"","footer-sml-layout":"","theme-transparent-header-meta":"","adv-header-id-meta":"","stick-header-meta":"","header-above-stick-meta":"","header-main-stick-meta":"","header-below-stick-meta":"","astra-migrate-meta-layouts":"default","ast-page-background-enabled":"default","ast-page-background-meta":{"desktop":{"background-color":"var(--ast-global-color-4)","background-image":"","background-repeat":"repeat","background-position":"center center","background-size":"auto","background-attachment":"scroll","background-type":"","background-media":"","overlay-type":"","overlay-color":"","overlay-opacity":"","overlay-gradient":""},"tablet":{"background-color":"","background-image":"","background-repeat":"repeat","background-position":"center center","background-size":"auto","background-attachment":"scroll","background-type":"","background-media":"","overlay-type":"","overlay-color":"","overlay-opacity":"","overlay-gradient":""},"mobile":{"background-color":"","background-image":"","background-repeat":"repeat","background-position":"center center","background-size":"auto","background-attachment":"scroll","background-type":"","background-media":"","overlay-type":"","overlay-color":"","overlay-opacity":"","overlay-gradient":""}},"ast-content-background-meta":{"desktop":{"background-color":"var(--ast-global-color-5)","background-image":"","background-repeat":"repeat","background-position":"center center","background-size":"auto","background-attachment":"scroll","background-type":"","background-media":"","overlay-type":"","overlay-color":"","overlay-opacity":"","overlay-gradient":""},"tablet":{"background-color":"var(--ast-global-color-5)","background-image":"","background-repeat":"repeat","background-position":"center center","background-size":"auto","background-attachment":"scroll","background-type":"","background-media":"","overlay-type":"","overlay-color":"","overlay-opacity":"","overlay-gradient":""},"mobile":{"background-color":"var(--ast-global-color-5)","background-image":"","background-repeat":"repeat","background-position":"center center","background-size":"auto","background-attachment":"scroll","background-type":"","background-media":"","overlay-type":"","overlay-color":"","overlay-opacity":"","overlay-gradient":""}},"footnotes":""},"categories":[1],"tags":[],"class_list":["post-6714","post","type-post","status-publish","format-standard","hentry","category-general"],"post_mailing_queue_ids":[],"_links":{"self":[{"href":"https:\/\/agora.xtec.cat\/iesmiquelbosch\/wp-json\/wp\/v2\/posts\/6714","targetHints":{"allow":["GET"]}}],"collection":[{"href":"https:\/\/agora.xtec.cat\/iesmiquelbosch\/wp-json\/wp\/v2\/posts"}],"about":[{"href":"https:\/\/agora.xtec.cat\/iesmiquelbosch\/wp-json\/wp\/v2\/types\/post"}],"author":[{"embeddable":true,"href":"https:\/\/agora.xtec.cat\/iesmiquelbosch\/wp-json\/wp\/v2\/users\/33"}],"replies":[{"embeddable":true,"href":"https:\/\/agora.xtec.cat\/iesmiquelbosch\/wp-json\/wp\/v2\/comments?post=6714"}],"version-history":[{"count":4,"href":"https:\/\/agora.xtec.cat\/iesmiquelbosch\/wp-json\/wp\/v2\/posts\/6714\/revisions"}],"predecessor-version":[{"id":7039,"href":"https:\/\/agora.xtec.cat\/iesmiquelbosch\/wp-json\/wp\/v2\/posts\/6714\/revisions\/7039"}],"wp:attachment":[{"href":"https:\/\/agora.xtec.cat\/iesmiquelbosch\/wp-json\/wp\/v2\/media?parent=6714"}],"wp:term":[{"taxonomy":"category","embeddable":true,"href":"https:\/\/agora.xtec.cat\/iesmiquelbosch\/wp-json\/wp\/v2\/categories?post=6714"},{"taxonomy":"post_tag","embeddable":true,"href":"https:\/\/agora.xtec.cat\/iesmiquelbosch\/wp-json\/wp\/v2\/tags?post=6714"}],"curies":[{"name":"wp","href":"https:\/\/api.w.org\/{rel}","templated":true}]}}