{"id":661,"date":"2011-12-18T00:04:36","date_gmt":"2011-12-17T23:04:36","guid":{"rendered":"http:\/\/agora.xtec.cat\/iesmiquelbosch\/general\/fotos-de-la-caminada-a-la-web-de-tv3\/"},"modified":"2016-07-20T16:03:18","modified_gmt":"2016-07-20T15:03:18","slug":"fotos-de-la-caminada-a-la-web-de-tv3","status":"publish","type":"post","link":"https:\/\/agora.xtec.cat\/iesmiquelbosch\/general\/fotos-de-la-caminada-a-la-web-de-tv3\/","title":{"rendered":"Fotos de la caminada a la web de TV3"},"content":{"rendered":"<p align=\"center\" style=\"color: #8000c3;\"><strong><font size=\"5\" face=\"arial,helvetica,sans-serif\">Fotos de la caminada a la web de TV3<\/font><\/strong><font size=\"4\" face=\"arial,helvetica,sans-serif\"><br \/><\/font><\/p>\n<p align=\"justify\" style=\"color: #8000c3;\"><font size=\"4\" face=\"arial,helvetica,sans-serif\">A la web de la Marat\u00f3 de TV3: <a href=\"http:\/\/www.tv3.cat\/marato\/videos-activitats\" target=\"_blank\">http:\/\/www.tv3.cat\/marato\/videos-activitats<\/a> podeu veure un v\u00eddeo que hem enviat amb les fotos de la caminada del passat 24 de novembre. <\/font><\/p>\n<p> <font size=\"4\" face=\"arial,helvetica,sans-serif\" style=\"color: #8000c3;\">Quan<br \/>\n hi entreu, heu d&#8217;anar a la p\u00e0gina 3 (aix\u00f2 va canviant perqu\u00e8<br \/>\n van afegint v\u00eddeos a mesura que els van rebent) i localitzar aquesta<br \/>\nimatge:<img decoding=\"async\" align=\"right\" src=\"index.php?module=IWforms&amp;func=download&amp;fid=3&amp;fndid=15&amp;fileName=Marat%C3%B3.jpg\" \/><\/font> <\/p>\n","protected":false},"excerpt":{"rendered":"<p>Fotos de la caminada a la web de TV3<br \/>\nA la web de la Marat\u00f3 de TV3: <a href=\"http:\/\/www.tv3.cat\/marato\/videos-activitats\" target=\"_blank\">http:\/\/www.tv3.cat\/marato\/videos-activitats<\/a> podeu veure un v\u00eddeo que hem enviat amb les fotos de la caminada del passat 24 de novembre.<br \/>\n Quan<br \/>\n hi entreu, heu d&#8217;anar a la&hellip;  <a href=\"https:\/\/agora.xtec.cat\/iesmiquelbosch\/general\/fotos-de-la-caminada-a-la-web-de-tv3\/\" title=\"Read Fotos de la caminada a la web de TV3\">Llegeix m\u00e9s\u00bb<\/a><\/p>\n","protected":false},"author":4,"featured_media":0,"comment_status":"open","ping_status":"open","sticky":false,"template":"","format":"standard","meta":{"_bbp_topic_count":0,"_bbp_reply_count":0,"_bbp_total_topic_count":0,"_bbp_total_reply_count":0,"_bbp_voice_count":0,"_bbp_anonymous_reply_count":0,"_bbp_topic_count_hidden":0,"_bbp_reply_count_hidden":0,"_bbp_forum_subforum_count":0,"footnotes":""},"categories":[1],"tags":[70,73],"class_list":["post-661","post","type-post","status-publish","format-standard","hentry","category-general","tag-intraweb","tag-noticies"],"post_mailing_queue_ids":[],"_links":{"self":[{"href":"https:\/\/agora.xtec.cat\/iesmiquelbosch\/wp-json\/wp\/v2\/posts\/661","targetHints":{"allow":["GET"]}}],"collection":[{"href":"https:\/\/agora.xtec.cat\/iesmiquelbosch\/wp-json\/wp\/v2\/posts"}],"about":[{"href":"https:\/\/agora.xtec.cat\/iesmiquelbosch\/wp-json\/wp\/v2\/types\/post"}],"author":[{"embeddable":true,"href":"https:\/\/agora.xtec.cat\/iesmiquelbosch\/wp-json\/wp\/v2\/users\/4"}],"replies":[{"embeddable":true,"href":"https:\/\/agora.xtec.cat\/iesmiquelbosch\/wp-json\/wp\/v2\/comments?post=661"}],"version-history":[{"count":1,"href":"https:\/\/agora.xtec.cat\/iesmiquelbosch\/wp-json\/wp\/v2\/posts\/661\/revisions"}],"predecessor-version":[{"id":1396,"href":"https:\/\/agora.xtec.cat\/iesmiquelbosch\/wp-json\/wp\/v2\/posts\/661\/revisions\/1396"}],"wp:attachment":[{"href":"https:\/\/agora.xtec.cat\/iesmiquelbosch\/wp-json\/wp\/v2\/media?parent=661"}],"wp:term":[{"taxonomy":"category","embeddable":true,"href":"https:\/\/agora.xtec.cat\/iesmiquelbosch\/wp-json\/wp\/v2\/categories?post=661"},{"taxonomy":"post_tag","embeddable":true,"href":"https:\/\/agora.xtec.cat\/iesmiquelbosch\/wp-json\/wp\/v2\/tags?post=661"}],"curies":[{"name":"wp","href":"https:\/\/api.w.org\/{rel}","templated":true}]}}