{"id":651,"date":"2011-11-26T22:31:22","date_gmt":"2011-11-26T21:31:22","guid":{"rendered":"http:\/\/agora.xtec.cat\/iesmiquelbosch\/general\/ii-conferencia-catalana-escola-verda\/"},"modified":"2016-07-20T16:03:18","modified_gmt":"2016-07-20T15:03:18","slug":"ii-conferencia-catalana-escola-verda","status":"publish","type":"post","link":"https:\/\/agora.xtec.cat\/iesmiquelbosch\/general\/ii-conferencia-catalana-escola-verda\/","title":{"rendered":"II Confer\u00e8ncia Catalana &#8211; Escola Verda"},"content":{"rendered":"<p align=\"center\" style=\"color: #0070a5;\"><strong><font size=\"5\" face=\"arial,helvetica,sans-serif\">II Confer\u00e8ncia Catalana&nbsp; &#8211; Escola Verda<\/font><\/strong><\/p>\n<div align=\"justify\"> <\/div>\n<p align=\"justify\" style=\"color: #0070a5;\"><font size=\"4\" face=\"arial,helvetica,sans-serif\">Durant uns quants dies del mes de novembre, alumnes de 1r i 2n d&#8217;ESO del Comit\u00e8 Ambiental es van reunir a l&#8217;institut per analitzar quines actuacions d&#8217;Escola Verda s&#8217;havien fet en els darrers dos anys i debatre quines eren les que es volien prioritzar de cara al futur. Es van escollir dos objectius a assolir:<br \/>\u00b7 conscienciar als membres de la Comunitat educativa per tal que entre tots poguem millorar el nostre entorn m\u00e9s proper<br \/>\u00b7 eliminar el paper d&#8217;alumini del nostre centre i substituir-lo per un embolcall reutilitzable. <br \/><\/font><\/p>\n<p align=\"justify\" style=\"color: #0070a5;\"><font size=\"4\" face=\"arial,helvetica,sans-serif\">Amb la reflexi\u00f3 feta, els objectius decidits i un p\u00f2ster explicatiu del proc\u00e9s i els resultats, la Laura Borralleras, l&#8217;Oriol Noguero, l&#8217;Imma Castell\u00e0 i el Nicol\u00e0s Engler van participar en la II Confer\u00e8ncia Catalana a Barcelona el 17 de novembre. <\/font><\/p>\n<p align=\"justify\" style=\"color: #0070a5;\"><font size=\"4\" face=\"arial,helvetica,sans-serif\">All\u00e0 van explicar les conclusions a les que s&#8217;havien arribat al nostre centre i van participar en tallers i d&#8217;altres activitats, amb l&#8217;objectiu de fer una reflexi\u00f3 conjunta amb els altres participants, que eren alumnes d&#8217;instituts de tota Catalunya.<\/font><\/p>\n<p align=\"justify\" style=\"color: #0070a5;\"><font size=\"4\" face=\"arial,helvetica,sans-serif\">Els altres membres del Comit\u00e8 Ambiental de primer cicle que van col\u00b7laborar s\u00f3n: Irina Bosch, Ferran Careta, Nin Gallifa, Sergio Molina, \u00c8lia Pazos, Ismael Sol\u00e0, Ilham Lamrani, Meritxell Bover, C\u00e8lia P\u00e9rez, Cristina Jim\u00e9nez, Judit Cervantes, Xavi Edo i Joel Fern\u00e1ndez.<\/font><\/p>\n<p align=\"justify\"><font size=\"4\" face=\"arial,helvetica,sans-serif\" style=\"color: #0070a5;\">Podeu veure algunes fotos i el p\u00f2ster a l&#8217;enlla\u00e7 habitual d&#8217;aquesta p\u00e0gina web.<\/font><\/p>\n","protected":false},"excerpt":{"rendered":"<p>II Confer\u00e8ncia Catalana&nbsp; &#8211; Escola Verda<\/p>\n<p>Durant uns quants dies del mes de novembre, alumnes de 1r i 2n d&#8217;ESO del Comit\u00e8 Ambiental es van reunir a l&#8217;institut per analitzar quines actuacions d&#8217;Escola Verda s&#8217;havien fet en els darrers dos anys i debatre quines eren&hellip;  <a href=\"https:\/\/agora.xtec.cat\/iesmiquelbosch\/general\/ii-conferencia-catalana-escola-verda\/\" title=\"Read II Confer\u00e8ncia Catalana &#8211; Escola Verda\">Llegeix m\u00e9s\u00bb<\/a><\/p>\n","protected":false},"author":4,"featured_media":0,"comment_status":"open","ping_status":"open","sticky":false,"template":"","format":"standard","meta":{"_bbp_topic_count":0,"_bbp_reply_count":0,"_bbp_total_topic_count":0,"_bbp_total_reply_count":0,"_bbp_voice_count":0,"_bbp_anonymous_reply_count":0,"_bbp_topic_count_hidden":0,"_bbp_reply_count_hidden":0,"_bbp_forum_subforum_count":0,"footnotes":""},"categories":[1],"tags":[70,73],"class_list":["post-651","post","type-post","status-publish","format-standard","hentry","category-general","tag-intraweb","tag-noticies"],"post_mailing_queue_ids":[],"_links":{"self":[{"href":"https:\/\/agora.xtec.cat\/iesmiquelbosch\/wp-json\/wp\/v2\/posts\/651","targetHints":{"allow":["GET"]}}],"collection":[{"href":"https:\/\/agora.xtec.cat\/iesmiquelbosch\/wp-json\/wp\/v2\/posts"}],"about":[{"href":"https:\/\/agora.xtec.cat\/iesmiquelbosch\/wp-json\/wp\/v2\/types\/post"}],"author":[{"embeddable":true,"href":"https:\/\/agora.xtec.cat\/iesmiquelbosch\/wp-json\/wp\/v2\/users\/4"}],"replies":[{"embeddable":true,"href":"https:\/\/agora.xtec.cat\/iesmiquelbosch\/wp-json\/wp\/v2\/comments?post=651"}],"version-history":[{"count":1,"href":"https:\/\/agora.xtec.cat\/iesmiquelbosch\/wp-json\/wp\/v2\/posts\/651\/revisions"}],"predecessor-version":[{"id":1386,"href":"https:\/\/agora.xtec.cat\/iesmiquelbosch\/wp-json\/wp\/v2\/posts\/651\/revisions\/1386"}],"wp:attachment":[{"href":"https:\/\/agora.xtec.cat\/iesmiquelbosch\/wp-json\/wp\/v2\/media?parent=651"}],"wp:term":[{"taxonomy":"category","embeddable":true,"href":"https:\/\/agora.xtec.cat\/iesmiquelbosch\/wp-json\/wp\/v2\/categories?post=651"},{"taxonomy":"post_tag","embeddable":true,"href":"https:\/\/agora.xtec.cat\/iesmiquelbosch\/wp-json\/wp\/v2\/tags?post=651"}],"curies":[{"name":"wp","href":"https:\/\/api.w.org\/{rel}","templated":true}]}}