{"id":649,"date":"2011-11-25T08:46:20","date_gmt":"2011-11-25T07:46:20","guid":{"rendered":"http:\/\/agora.xtec.cat\/iesmiquelbosch\/general\/dia-internacional-per-leliminacio-de-la-violencia-envers-les-dones\/"},"modified":"2016-07-20T16:03:17","modified_gmt":"2016-07-20T15:03:17","slug":"dia-internacional-per-leliminacio-de-la-violencia-envers-les-dones","status":"publish","type":"post","link":"https:\/\/agora.xtec.cat\/iesmiquelbosch\/general\/dia-internacional-per-leliminacio-de-la-violencia-envers-les-dones\/","title":{"rendered":"Dia Internacional per l&#8217;eliminaci\u00f3 de la viol\u00e8ncia envers les dones"},"content":{"rendered":"<p align=\"center\" style=\"color: #5e1087;\"><font size=\"5\"><strong><font face=\"arial,helvetica,sans-serif\">Dia Internacional per l&#8217;eliminaci\u00f3 de la viol\u00e8ncia envers les dones<\/font><\/strong><\/font><\/p>\n<div align=\"justify\" style=\"color: #5e1087;\"> <\/div>\n<p align=\"justify\" style=\"color: #5e1087;\"><font size=\"4\" face=\"arial,helvetica,sans-serif\">Avui, 25 de novembre, se celebra el Dia Internacional per l&#8217;eliminaci\u00f3 de la viol\u00e8ncia envers les dones. L&#8217;Ajuntament d&#8217;Art\u00e9s hi participa amb diversos actes al Parc de Can Crusellas a les 20:15 hores. <\/font><\/p>\n<div align=\"justify\" style=\"color: #5e1087;\"> <\/div>\n<p align=\"justify\" style=\"color: #5e1087;\"><font size=\"4\" face=\"arial,helvetica,sans-serif\">Per adherir-nos a aquesta iniciativa, uns representants de la majoria de les classes de l&#8217;institut han decorat 14 paraig\u00fces amb unes frases contra la viol\u00e8ncia de g\u00e8nere i la viol\u00e8ncia en general, escollides a les tutories d&#8217;aquesta setmana. Els paraig\u00fces han estat facilitats per l&#8217;Ajuntament.<br \/><\/font><\/p>\n<p align=\"justify\"><font size=\"4\" face=\"arial,helvetica,sans-serif\" style=\"color: #5e1087;\">Cliqueu a Not\u00edcia completa per veure algunes fotos dels resultats.<\/font> <\/p>\n<p><img decoding=\"async\" src=\"\/iesmiquelbosch\/intranet\/index.php?module=IWforms&amp;func=download&amp;fid=3&amp;fndid=17&amp;fileName=DSC02921_1944x2592_778x1037.jpg\" style=\"width: 688px; height: 918px;\" \/> <\/p>\n<p><img decoding=\"async\" src=\"\/iesmiquelbosch\/intranet\/index.php?module=IWforms&amp;func=download&amp;fid=3&amp;fndid=15&amp;fileName=DSC02916_1037x778.jpg\" style=\"width: 851px; height: 638px;\" \/><\/p>\n<p><p><img decoding=\"async\" src=\"\/iesmiquelbosch\/intranet\/index.php?module=IWforms&amp;func=download&amp;fid=3&amp;fndid=16&amp;fileName=DSC02917_1037x778.jpg\" style=\"width: 867px; height: 650px;\" \/> <\/p>\n<\/p>\n <img decoding=\"async\" src=\"\/iesmiquelbosch\/intranet\/index.php?module=IWforms&amp;func=download&amp;fid=3&amp;fndid=151&amp;fileName=DSC02922_1037x778.jpg\" style=\"width: 930px; height: 697px;\" \/> \n","protected":false},"excerpt":{"rendered":"<p>Dia Internacional per l&#8217;eliminaci\u00f3 de la viol\u00e8ncia envers les dones<\/p>\n<p>Avui, 25 de novembre, se celebra el Dia Internacional per l&#8217;eliminaci\u00f3 de la viol\u00e8ncia envers les dones. L&#8217;Ajuntament d&#8217;Art\u00e9s hi participa amb diversos actes al Parc de Can Crusellas a les 20:15 hores. <\/p>\n<p>Per&hellip;  <a href=\"https:\/\/agora.xtec.cat\/iesmiquelbosch\/general\/dia-internacional-per-leliminacio-de-la-violencia-envers-les-dones\/\" title=\"Read Dia Internacional per l&#8217;eliminaci\u00f3 de la viol\u00e8ncia envers les dones\">Llegeix m\u00e9s\u00bb<\/a><\/p>\n","protected":false},"author":4,"featured_media":0,"comment_status":"open","ping_status":"open","sticky":false,"template":"","format":"standard","meta":{"_bbp_topic_count":0,"_bbp_reply_count":0,"_bbp_total_topic_count":0,"_bbp_total_reply_count":0,"_bbp_voice_count":0,"_bbp_anonymous_reply_count":0,"_bbp_topic_count_hidden":0,"_bbp_reply_count_hidden":0,"_bbp_forum_subforum_count":0,"footnotes":""},"categories":[1],"tags":[70,73],"class_list":["post-649","post","type-post","status-publish","format-standard","hentry","category-general","tag-intraweb","tag-noticies"],"post_mailing_queue_ids":[],"_links":{"self":[{"href":"https:\/\/agora.xtec.cat\/iesmiquelbosch\/wp-json\/wp\/v2\/posts\/649","targetHints":{"allow":["GET"]}}],"collection":[{"href":"https:\/\/agora.xtec.cat\/iesmiquelbosch\/wp-json\/wp\/v2\/posts"}],"about":[{"href":"https:\/\/agora.xtec.cat\/iesmiquelbosch\/wp-json\/wp\/v2\/types\/post"}],"author":[{"embeddable":true,"href":"https:\/\/agora.xtec.cat\/iesmiquelbosch\/wp-json\/wp\/v2\/users\/4"}],"replies":[{"embeddable":true,"href":"https:\/\/agora.xtec.cat\/iesmiquelbosch\/wp-json\/wp\/v2\/comments?post=649"}],"version-history":[{"count":1,"href":"https:\/\/agora.xtec.cat\/iesmiquelbosch\/wp-json\/wp\/v2\/posts\/649\/revisions"}],"predecessor-version":[{"id":1384,"href":"https:\/\/agora.xtec.cat\/iesmiquelbosch\/wp-json\/wp\/v2\/posts\/649\/revisions\/1384"}],"wp:attachment":[{"href":"https:\/\/agora.xtec.cat\/iesmiquelbosch\/wp-json\/wp\/v2\/media?parent=649"}],"wp:term":[{"taxonomy":"category","embeddable":true,"href":"https:\/\/agora.xtec.cat\/iesmiquelbosch\/wp-json\/wp\/v2\/categories?post=649"},{"taxonomy":"post_tag","embeddable":true,"href":"https:\/\/agora.xtec.cat\/iesmiquelbosch\/wp-json\/wp\/v2\/tags?post=649"}],"curies":[{"name":"wp","href":"https:\/\/api.w.org\/{rel}","templated":true}]}}