{"id":638,"date":"2011-10-17T22:18:01","date_gmt":"2011-10-17T21:18:01","guid":{"rendered":"http:\/\/agora.xtec.cat\/iesmiquelbosch\/general\/dia-internacional-per-leradicacio-de-la-pobresa-2\/"},"modified":"2016-07-20T16:03:17","modified_gmt":"2016-07-20T15:03:17","slug":"dia-internacional-per-leradicacio-de-la-pobresa-2","status":"publish","type":"post","link":"https:\/\/agora.xtec.cat\/iesmiquelbosch\/general\/dia-internacional-per-leradicacio-de-la-pobresa-2\/","title":{"rendered":"Dia Internacional Per l&#8217;Eradicaci\u00f3 de la Pobresa"},"content":{"rendered":"<p align=\"center\" style=\"color: #00a56d;\"><strong><font size=\"5\"> <\/font><font size=\"5\" face=\"arial,helvetica,sans-serif\">Dia Internacional Per l&#8217;Eradicaci\u00f3 de la Pobresa<\/font><\/strong><\/p>\n<p style=\"color: #00a56d;\"> <font size=\"4\" face=\"arial,helvetica,sans-serif\">Dimecres passat vaig llegir una carta al director de <strong>La Vanguardia<\/strong> escrita per una lectora d&#8217;aquest diari. <\/font><\/p>\n<p style=\"color: #00a56d;\"><font size=\"4\" face=\"arial,helvetica,sans-serif\">Clica a <em>Not\u00edcia completa<\/em> i dedica dos minuts del teu temps a llegir-la, val la pena. Dijous en parlarem a les tutories.<\/font><\/p>\n<p><font size=\"4\" face=\"arial,helvetica,sans-serif\"><span style=\"color: #00a56d;\">Escola Verda<\/span><\/font><br \/><!--[if gte mso 9]><xml>\n <w:WordDocument>\n  <w:View>Normal<\/w:View>\n  <w:Zoom>0<\/w:Zoom>\n  <w:HyphenationZone>21<\/w:HyphenationZone>\n  <w:PunctuationKerning\/>\n  <w:ValidateAgainstSchemas\/>\n  <w:SaveIfXMLInvalid>false<\/w:SaveIfXMLInvalid>\n  <w:IgnoreMixedContent>false<\/w:IgnoreMixedContent>\n  <w:AlwaysShowPlaceholderText>false<\/w:AlwaysShowPlaceholderText>\n  <w:Compatibility>\n   <w:BreakWrappedTables\/>\n   <w:SnapToGridInCell\/>\n   <w:WrapTextWithPunct\/>\n   <w:UseAsianBreakRules\/>\n   <w:DontGrowAutofit\/>\n  <\/w:Compatibility>\n  <w:BrowserLevel>MicrosoftInternetExplorer4<\/w:BrowserLevel>\n <\/w:WordDocument>\n<\/xml><![endif]--><!--[if gte mso 9]><xml>\n <w:LatentStyles DefLockedState=\"false\" LatentStyleCount=\"156\">\n <\/w:LatentStyles>\n<\/xml><![endif]--><!--[if gte mso 10]>\n\n\n<style>\n \/* Style Definitions *\/\n table.MsoNormalTable\n\t{mso-style-name:\"Tabla normal\";\n\tmso-tstyle-rowband-size:0;\n\tmso-tstyle-colband-size:0;\n\tmso-style-noshow:yes;\n\tmso-style-parent:\"\";\n\tmso-padding-alt:0cm 5.4pt 0cm 5.4pt;\n\tmso-para-margin:0cm;\n\tmso-para-margin-bottom:.0001pt;\n\tmso-pagination:widow-orphan;\n\tfont-size:10.0pt;\n\tfont-family:\"Times New Roman\";\n\tmso-ansi-language:#0400;\n\tmso-fareast-language:#0400;\n\tmso-bidi-language:#0400;}\n<\/style>\n\n\n<![endif]--> <\/p>\n<hr size=\"2\" width=\"100%\" \/>\n<p align=\"center\" class=\"MsoNormal\" style=\"color: #00a56d;\"><font size=\"5\"><strong><font face=\"arial,helvetica,sans-serif\"><span lang=\"CA\" style=\"font-family: Arial;\">Hi ha moltes Carmes<\/span><\/font><\/strong><\/font><\/p>\n<p class=\"MsoNormal\" style=\"color: #00a56d;\"><font size=\"4\" face=\"arial,helvetica,sans-serif\"><span lang=\"CA\" style=\"font-family: Arial;\">Vaig con\u00e8ixer la Carme abans d\u2019anar-me\u2019n de vacances. Sortia de casa meva<br \/>\namb el meu fill de tres mesos i ella passava ajudant-se d\u2019un carro de la compra<br \/>\nbrut i atrotinat. Ens vam mirar un instant i em va preguntar si per Nadal li<br \/>\npodria donar alguna cosa de menjar. Li vaig dir que s\u00ed. Em va ensenyar uns<br \/>\npapers amb la direcci\u00f3, un tel\u00e8fon i una fotoc\u00f2pia de DNI.<\/span><\/font><\/p>\n<p class=\"MsoNormal\" style=\"color: #00a56d;\"><font size=\"4\" face=\"arial,helvetica,sans-serif\"><span lang=\"CA\" style=\"font-family: Arial;\">Les presses van fer que no retingu\u00e9s les dades i he passat l\u2019estiu pensant<br \/>\nen com trobar-la. Per fi la vaig veure ahir. La vaig cridar. Tenia la cara<br \/>\nmorada d\u2019una caiguda al carrer. Em va dir que amb la seva paga i la del seu<br \/>\nmarit malalt no els arribava per menjar. Que cada dia sortien, ell a remenar<br \/>\ncontenidors, ella a la seva ruta de fleques, bars i parr\u00f2quia a la recerca de<br \/>\ncaritat. Vaig entrar en un supermercat i li vaig comprar conserves, oli, arr\u00f2s,<br \/>\ntom\u00e0quets, ous, salsitxes i carn. Ahir s\u00ed que vaig apuntar les seves dades. Ara<br \/>\nja no la perdr\u00e9 de vista. <\/span><\/font><\/p>\n<p class=\"MsoNormal\" style=\"color: #00a56d;\"><font size=\"4\" face=\"arial,helvetica,sans-serif\"><span lang=\"CA\" style=\"font-family: Arial;\">Els demano que mirin al seu voltant. Segur que tenen molt a prop a alg\u00fa com<br \/>\nla Carme. Pot ser que la gana encara no sigui superior a la vergonya de<br \/>\ndemanar-los ajuda. Avancis. Pregunti. I quan vagi a fer les seves compres,<br \/>\nagafin dos paquets d\u2019arr\u00f2s, en lloc d\u2019un i doni\u2019ls-el \u2026 <\/span><\/font><\/p>\n<p align=\"right\" style=\"text-align: right; color: #00a56d;\" class=\"MsoNormal\"><font size=\"4\" face=\"arial,helvetica,sans-serif\"><span lang=\"CA\" style=\"font-family: Arial;\">La Vangu\u00e0rdia, 12 d\u2019octubre de<br \/>\n2011<\/span><\/font><\/p>\n","protected":false},"excerpt":{"rendered":"<p> Dia Internacional Per l&#8217;Eradicaci\u00f3 de la Pobresa<br \/>\n Dimecres passat vaig llegir una carta al director de La Vanguardia escrita per una lectora d&#8217;aquest diari.<br \/>\nClica a Not\u00edcia completa i dedica dos minuts del teu temps a llegir-la, val la pena. Dijous en parlarem a&hellip;  <a href=\"https:\/\/agora.xtec.cat\/iesmiquelbosch\/general\/dia-internacional-per-leradicacio-de-la-pobresa-2\/\" title=\"Read Dia Internacional Per l&#8217;Eradicaci\u00f3 de la Pobresa\">Llegeix m\u00e9s\u00bb<\/a><\/p>\n","protected":false},"author":4,"featured_media":0,"comment_status":"open","ping_status":"open","sticky":false,"template":"","format":"standard","meta":{"_bbp_topic_count":0,"_bbp_reply_count":0,"_bbp_total_topic_count":0,"_bbp_total_reply_count":0,"_bbp_voice_count":0,"_bbp_anonymous_reply_count":0,"_bbp_topic_count_hidden":0,"_bbp_reply_count_hidden":0,"_bbp_forum_subforum_count":0,"footnotes":""},"categories":[1],"tags":[70,73],"class_list":["post-638","post","type-post","status-publish","format-standard","hentry","category-general","tag-intraweb","tag-noticies"],"post_mailing_queue_ids":[],"_links":{"self":[{"href":"https:\/\/agora.xtec.cat\/iesmiquelbosch\/wp-json\/wp\/v2\/posts\/638","targetHints":{"allow":["GET"]}}],"collection":[{"href":"https:\/\/agora.xtec.cat\/iesmiquelbosch\/wp-json\/wp\/v2\/posts"}],"about":[{"href":"https:\/\/agora.xtec.cat\/iesmiquelbosch\/wp-json\/wp\/v2\/types\/post"}],"author":[{"embeddable":true,"href":"https:\/\/agora.xtec.cat\/iesmiquelbosch\/wp-json\/wp\/v2\/users\/4"}],"replies":[{"embeddable":true,"href":"https:\/\/agora.xtec.cat\/iesmiquelbosch\/wp-json\/wp\/v2\/comments?post=638"}],"version-history":[{"count":1,"href":"https:\/\/agora.xtec.cat\/iesmiquelbosch\/wp-json\/wp\/v2\/posts\/638\/revisions"}],"predecessor-version":[{"id":1373,"href":"https:\/\/agora.xtec.cat\/iesmiquelbosch\/wp-json\/wp\/v2\/posts\/638\/revisions\/1373"}],"wp:attachment":[{"href":"https:\/\/agora.xtec.cat\/iesmiquelbosch\/wp-json\/wp\/v2\/media?parent=638"}],"wp:term":[{"taxonomy":"category","embeddable":true,"href":"https:\/\/agora.xtec.cat\/iesmiquelbosch\/wp-json\/wp\/v2\/categories?post=638"},{"taxonomy":"post_tag","embeddable":true,"href":"https:\/\/agora.xtec.cat\/iesmiquelbosch\/wp-json\/wp\/v2\/tags?post=638"}],"curies":[{"name":"wp","href":"https:\/\/api.w.org\/{rel}","templated":true}]}}