{"id":627,"date":"2011-09-18T22:44:49","date_gmt":"2011-09-18T21:44:49","guid":{"rendered":"http:\/\/agora.xtec.cat\/iesmiquelbosch\/general\/web-familia-i-escola-junts-x-leducacio\/"},"modified":"2016-07-20T16:03:16","modified_gmt":"2016-07-20T15:03:16","slug":"web-familia-i-escola-junts-x-leducacio","status":"publish","type":"post","link":"https:\/\/agora.xtec.cat\/iesmiquelbosch\/general\/web-familia-i-escola-junts-x-leducacio\/","title":{"rendered":"Web &#8220;Fam\u00edlia i Escola. Junts x l\u2019Educaci\u00f3&#8221;"},"content":{"rendered":"<p align=\"center\" style=\"center\" style=\"color: #310096\"><strong><font face=\"arial,helvetica,sans-serif\" size=\"5\">Web Fam\u00edlia i Escola. Junts x l&#8217;Educaci\u00f3<\/font><\/strong><\/p>\n<p><font face=\"arial,helvetica,sans-serif\" size=\"4\" style=\"4\" style=\"color: #310096\">El Departament d&#8217;Ensenyament posa en marxa un nou web, adre\u00e7at a les fam\u00edlies.<\/font><\/p>\n<p align=\"justify\" style=\"justify\" style=\"color: #310096\"><font face=\"arial,helvetica,sans-serif\" size=\"4\"><span class=\"fnt112\" id=\"outputNode\">La seva finalitat \u00e9s posar al seu abast informaci\u00f3, orientacions i recursos per millorar la seva implicaci\u00f3 en el proc\u00e9s escolar i educatiu dels seus fills i filles.<\/span><\/font><\/p>\n<p align=\"justify\" style=\"justify\" style=\"color: #310096\"><font face=\"arial,helvetica,sans-serif\" size=\"4\"><span class=\"fnt112\" id=\"outputNode\">Actualment les informacions que s&#8217;hi inclouen fan refer\u00e8ncia a les etapes d&#8217;infantil, prim\u00e0ria i secund\u00e0ria obligat\u00f2ria. Properament s&#8217;extendr\u00e0 a d&#8217;altres etapes educatives.<br \/><\/span><\/font><span class=\"fnt112\"><font face=\"arial,helvetica,sans-serif\" size=\"4\" style=\"4\" style=\"color: #310096\"><br \/>A l&#8217;esquerra d&#8217;aquesta p\u00e0gina web hi ha l&#8217;apartat Propostes educatives, amb un enlla\u00e7 a aquesta p\u00e0gina:&nbsp;<\/font><\/span><span class=\"fnt112\"><font face=\"arial,helvetica,sans-serif\" size=\"4\" style=\"4\" style=\"color: #310096\"><a href=\"http:\/\/www.gencat.cat\/ensenyament\/familiaiescola\">http:\/\/<\/a><a href=\"http:\/\/www.gencat.cat\/ensenyament\/familiaiescola\">www.gencat.cat\/ensenyament\/familiaiescola<\/a><\/font><\/span><\/p>\n","protected":false},"excerpt":{"rendered":"<p>Web Fam\u00edlia i Escola. Junts x l&#8217;Educaci\u00f3<br \/>\nEl Departament d&#8217;Ensenyament posa en marxa un nou web, adre\u00e7at a les fam\u00edlies.<br \/>\nLa seva finalitat \u00e9s posar al seu abast informaci\u00f3, orientacions i recursos per millorar la seva implicaci\u00f3 en el proc\u00e9s escolar i educatiu dels seus fills i&hellip;  <a href=\"https:\/\/agora.xtec.cat\/iesmiquelbosch\/general\/web-familia-i-escola-junts-x-leducacio\/\" title=\"Read Web &#8220;Fam\u00edlia i Escola. Junts x l\u2019Educaci\u00f3&#8221;\">Llegeix m\u00e9s\u00bb<\/a><\/p>\n","protected":false},"author":4,"featured_media":0,"comment_status":"open","ping_status":"open","sticky":false,"template":"","format":"standard","meta":{"_bbp_topic_count":0,"_bbp_reply_count":0,"_bbp_total_topic_count":0,"_bbp_total_reply_count":0,"_bbp_voice_count":0,"_bbp_anonymous_reply_count":0,"_bbp_topic_count_hidden":0,"_bbp_reply_count_hidden":0,"_bbp_forum_subforum_count":0,"footnotes":""},"categories":[1],"tags":[70,73],"class_list":["post-627","post","type-post","status-publish","format-standard","hentry","category-general","tag-intraweb","tag-noticies"],"post_mailing_queue_ids":[],"_links":{"self":[{"href":"https:\/\/agora.xtec.cat\/iesmiquelbosch\/wp-json\/wp\/v2\/posts\/627","targetHints":{"allow":["GET"]}}],"collection":[{"href":"https:\/\/agora.xtec.cat\/iesmiquelbosch\/wp-json\/wp\/v2\/posts"}],"about":[{"href":"https:\/\/agora.xtec.cat\/iesmiquelbosch\/wp-json\/wp\/v2\/types\/post"}],"author":[{"embeddable":true,"href":"https:\/\/agora.xtec.cat\/iesmiquelbosch\/wp-json\/wp\/v2\/users\/4"}],"replies":[{"embeddable":true,"href":"https:\/\/agora.xtec.cat\/iesmiquelbosch\/wp-json\/wp\/v2\/comments?post=627"}],"version-history":[{"count":1,"href":"https:\/\/agora.xtec.cat\/iesmiquelbosch\/wp-json\/wp\/v2\/posts\/627\/revisions"}],"predecessor-version":[{"id":1362,"href":"https:\/\/agora.xtec.cat\/iesmiquelbosch\/wp-json\/wp\/v2\/posts\/627\/revisions\/1362"}],"wp:attachment":[{"href":"https:\/\/agora.xtec.cat\/iesmiquelbosch\/wp-json\/wp\/v2\/media?parent=627"}],"wp:term":[{"taxonomy":"category","embeddable":true,"href":"https:\/\/agora.xtec.cat\/iesmiquelbosch\/wp-json\/wp\/v2\/categories?post=627"},{"taxonomy":"post_tag","embeddable":true,"href":"https:\/\/agora.xtec.cat\/iesmiquelbosch\/wp-json\/wp\/v2\/tags?post=627"}],"curies":[{"name":"wp","href":"https:\/\/api.w.org\/{rel}","templated":true}]}}