{"id":6117,"date":"2021-01-23T21:57:51","date_gmt":"2021-01-23T20:57:51","guid":{"rendered":"http:\/\/agora.xtec.cat\/iesmiquelbosch\/?p=6117"},"modified":"2021-01-23T21:57:51","modified_gmt":"2021-01-23T20:57:51","slug":"poster-i-bloc-de-filosofia-4t-eso","status":"publish","type":"post","link":"https:\/\/agora.xtec.cat\/iesmiquelbosch\/general\/poster-i-bloc-de-filosofia-4t-eso\/","title":{"rendered":"P\u00f3ster i bloc de filosofia 4t ESO"},"content":{"rendered":"<div>Els alumnes de l&#8217;optativa de Filosofia de 4t d&#8217;ESO han fet una\u00a0<b>activitat individual\u00a0<\/b>sobre els temes tractats en grup i exposats oralment a classe:\u00a0<u>la bondat, D\u00e9u, drets dels animals i la mort i el sentit de la vida<\/u>.<\/div>\n<div><\/div>\n<div>L&#8217;activitat ha consistit en fer\u00a0<b>una foto original per cadascun dels temes<\/b>\u00a0<b>i adjuntar a la foto una frase o pregunta que convid\u00e9s\u00a0a la reflexi\u00f3 o al debat<\/b>\u00a0sobre la tem\u00e0tica.\u00a0 Posteriorment, cada alumne ha triat una de les seves quatre fotos i\u00a0<b>ha elaborat i dissenyat un p\u00f3ster amb l&#8217;aplicaci\u00f3 Canva<\/b>.\u00a0 Un cop enllestits, els hem penjat en uns vidres de l&#8217;institut perqu\u00e8 tothom els pugui gaudir.\u00a0 Entre nosaltres vam votar la que m\u00e9s ens agradava de cada tem\u00e0tica, per la seva simbologia, per la composici\u00f3, per la reflexi\u00f3&#8230; i les quatre finalistes van rebre un diploma personalitzat de record.<\/div>\n<div><\/div>\n<div>Si voleu veure totes les fotos i frases fetes pels alumnes podeu entrar al bloc que hem creat per l&#8217;ocasi\u00f3:\u00a0<a href=\"https:\/\/blocs.xtec.cat\/filosofiainsmiquelboschijover\/\" target=\"_blank\" rel=\"noopener noreferrer\" data-saferedirecturl=\"https:\/\/www.google.com\/url?q=https:\/\/blocs.xtec.cat\/filosofiainsmiquelboschijover\/&amp;source=gmail&amp;ust=1611521129925000&amp;usg=AFQjCNEJ7F89TPx7MGzjOp59uRiBEDi86A\">https:\/\/blocs.xtec.cat\/<wbr \/>filosofiainsmiquelboschijover\/<\/a><wbr \/><\/div>\n<div><\/div>\n<div><a href=\"https:\/\/agora.xtec.cat\/iesmiquelbosch\/wp-content\/uploads\/usu626\/2021\/01\/IMG_3173-4rt-eso-fotografies-penjades_opt.jpg\"><img loading=\"lazy\" decoding=\"async\" class=\"alignnone size-full wp-image-6118\" src=\"https:\/\/agora.xtec.cat\/iesmiquelbosch\/wp-content\/uploads\/usu626\/2021\/01\/IMG_3173-4rt-eso-fotografies-penjades_opt.jpg\" alt=\"\" width=\"400\" height=\"300\" srcset=\"https:\/\/agora.xtec.cat\/iesmiquelbosch\/wp-content\/uploads\/usu626\/2021\/01\/IMG_3173-4rt-eso-fotografies-penjades_opt.jpg 400w, https:\/\/agora.xtec.cat\/iesmiquelbosch\/wp-content\/uploads\/usu626\/2021\/01\/IMG_3173-4rt-eso-fotografies-penjades_opt-300x225.jpg 300w, https:\/\/agora.xtec.cat\/iesmiquelbosch\/wp-content\/uploads\/usu626\/2021\/01\/IMG_3173-4rt-eso-fotografies-penjades_opt-200x150.jpg 200w\" sizes=\"auto, (max-width: 400px) 100vw, 400px\" \/><\/a><\/div>\n<div><\/div>\n<div><a href=\"https:\/\/agora.xtec.cat\/iesmiquelbosch\/wp-content\/uploads\/usu626\/2021\/01\/diplomes_opt.jpg\"><img loading=\"lazy\" decoding=\"async\" class=\"alignnone size-full wp-image-6119\" src=\"https:\/\/agora.xtec.cat\/iesmiquelbosch\/wp-content\/uploads\/usu626\/2021\/01\/diplomes_opt.jpg\" alt=\"\" width=\"400\" height=\"300\" srcset=\"https:\/\/agora.xtec.cat\/iesmiquelbosch\/wp-content\/uploads\/usu626\/2021\/01\/diplomes_opt.jpg 400w, https:\/\/agora.xtec.cat\/iesmiquelbosch\/wp-content\/uploads\/usu626\/2021\/01\/diplomes_opt-300x225.jpg 300w, https:\/\/agora.xtec.cat\/iesmiquelbosch\/wp-content\/uploads\/usu626\/2021\/01\/diplomes_opt-200x150.jpg 200w\" sizes=\"auto, (max-width: 400px) 100vw, 400px\" \/><\/a><\/div>\n","protected":false},"excerpt":{"rendered":"<p>Els alumnes de l&#8217;optativa de Filosofia de 4t d&#8217;ESO han fet una\u00a0activitat individual\u00a0sobre els temes tractats en grup i exposats oralment a classe:\u00a0la bondat, D\u00e9u, drets dels animals i la mort i el sentit de la vida.<\/p>\n<p>L&#8217;activitat ha consistit en fer\u00a0una foto original per cadascun&hellip;  <a href=\"https:\/\/agora.xtec.cat\/iesmiquelbosch\/general\/poster-i-bloc-de-filosofia-4t-eso\/\" title=\"Read P\u00f3ster i bloc de filosofia 4t ESO\">Llegeix m\u00e9s\u00bb<\/a><\/p>\n","protected":false},"author":1,"featured_media":6119,"comment_status":"open","ping_status":"closed","sticky":false,"template":"","format":"standard","meta":{"_bbp_topic_count":0,"_bbp_reply_count":0,"_bbp_total_topic_count":0,"_bbp_total_reply_count":0,"_bbp_voice_count":0,"_bbp_anonymous_reply_count":0,"_bbp_topic_count_hidden":0,"_bbp_reply_count_hidden":0,"_bbp_forum_subforum_count":0,"footnotes":""},"categories":[1],"tags":[],"class_list":["post-6117","post","type-post","status-publish","format-standard","has-post-thumbnail","hentry","category-general"],"post_mailing_queue_ids":[],"_links":{"self":[{"href":"https:\/\/agora.xtec.cat\/iesmiquelbosch\/wp-json\/wp\/v2\/posts\/6117","targetHints":{"allow":["GET"]}}],"collection":[{"href":"https:\/\/agora.xtec.cat\/iesmiquelbosch\/wp-json\/wp\/v2\/posts"}],"about":[{"href":"https:\/\/agora.xtec.cat\/iesmiquelbosch\/wp-json\/wp\/v2\/types\/post"}],"author":[{"embeddable":true,"href":"https:\/\/agora.xtec.cat\/iesmiquelbosch\/wp-json\/wp\/v2\/users\/1"}],"replies":[{"embeddable":true,"href":"https:\/\/agora.xtec.cat\/iesmiquelbosch\/wp-json\/wp\/v2\/comments?post=6117"}],"version-history":[{"count":1,"href":"https:\/\/agora.xtec.cat\/iesmiquelbosch\/wp-json\/wp\/v2\/posts\/6117\/revisions"}],"predecessor-version":[{"id":6120,"href":"https:\/\/agora.xtec.cat\/iesmiquelbosch\/wp-json\/wp\/v2\/posts\/6117\/revisions\/6120"}],"wp:featuredmedia":[{"embeddable":true,"href":"https:\/\/agora.xtec.cat\/iesmiquelbosch\/wp-json\/wp\/v2\/media\/6119"}],"wp:attachment":[{"href":"https:\/\/agora.xtec.cat\/iesmiquelbosch\/wp-json\/wp\/v2\/media?parent=6117"}],"wp:term":[{"taxonomy":"category","embeddable":true,"href":"https:\/\/agora.xtec.cat\/iesmiquelbosch\/wp-json\/wp\/v2\/categories?post=6117"},{"taxonomy":"post_tag","embeddable":true,"href":"https:\/\/agora.xtec.cat\/iesmiquelbosch\/wp-json\/wp\/v2\/tags?post=6117"}],"curies":[{"name":"wp","href":"https:\/\/api.w.org\/{rel}","templated":true}]}}