{"id":598,"date":"2011-06-14T16:08:23","date_gmt":"2011-06-14T15:08:23","guid":{"rendered":"http:\/\/agora.xtec.cat\/iesmiquelbosch\/general\/informacions-viatge-4t-eso-3\/"},"modified":"2016-07-20T16:03:13","modified_gmt":"2016-07-20T15:03:13","slug":"informacions-viatge-4t-eso-3","status":"publish","type":"post","link":"https:\/\/agora.xtec.cat\/iesmiquelbosch\/general\/informacions-viatge-4t-eso-3\/","title":{"rendered":"Informacions viatge 4t ESO"},"content":{"rendered":"<div>\n<div align=\"center\"> <\/div>\n<p align=\"center\"><font size=\"5\"><strong><font face=\"arial,helvetica,sans-serif\" color=\"#e1004f\">Informacions viatge a It\u00e0lia 4t ESO<\/font><\/strong><\/font><\/p>\n<p><font size=\"4\" face=\"arial,helvetica,sans-serif\" color=\"#e1004f\">Podeu passar per la Consergeria de l&#8217;institut per cobrar els beneficis de les fotografies de grup (20 euros per persona). Tamb\u00e9 els que heu venut loteria i mantegades per un import superior al preu del viatge, podeu anar a Secretaria per cobrar l&#8217;excedent obtingut.<br \/><\/font><\/p>\n<p><font size=\"4\" face=\"arial,helvetica,sans-serif\" color=\"#e1004f\">\u00c9s<br \/>\nimprescindible con\u00e8ixer amb deteniment la normativa del viatge, a la<br \/>\nqual tots i totes heu donat conformitat amb la vostra signatura. Feu-ne<br \/>\nun rep\u00e0s.<\/font> <\/p>\n<p><font size=\"4\" face=\"Arial\" color=\"#e1004f\">Recordeu que<br \/>\ncadasc\u00fa ha de portar l&#8217;original del DNI m\u00e9s el perm\u00eds dels mossos, o b\u00e9, el passaport (a nom vostre,<br \/>\nnom\u00e9s) i tamb\u00e9 la targeta sanit\u00e0ria europea o certificat<br \/>\nsubstitutori expedit per MUFACE, conjuntament amb la targeta de la m\u00fatua<br \/>\n corresponent, si \u00e9s el cas.<\/font><\/p>\n<p><font size=\"4\" face=\"Arial\" color=\"#e1004f\">Recordeu tamb\u00e9 que alguns \u00e0pats no estan inclosos en el preu del viatge, com per exemple, l&#8217;esmorzar del primer dia o els dinars. Podeu portar, si voleu, l&#8217;esmorzar del primer dia.<\/font><\/p>\n<p><font size=\"4\" face=\"Arial\" color=\"#e1004f\">La distribuci\u00f3 de les habitacions a Flor\u00e8ncia \u00e9s la seg\u00fcent: pel que fa a les noies, 8 habitacions triples i pel que fa als nois, 5 habitacions qu\u00e0druples i 1 triple.<\/font> <\/p>\n<p><font size=\"4\" face=\"arial,helvetica,sans-serif\" color=\"#e1004f\">Cliqueu a <em>Not\u00edcia completa<\/em> per&nbsp;accedir als documents que creiem poden ser del vostre inter\u00e8s.<\/font> <\/p>\n<\/p><\/div>\n<div style=\"margin-top: 10px;\">\n<ul>\n<li><a target=\"_blank\" href=\"intranet\/index.php?module=IWforms&amp;func=download&amp;fid=3&amp;fndid=15&amp;fileName=ITINERARI1.doc\"><font size=\"4\" face=\"arial,helvetica,sans-serif\" color=\"#000000\"><\/font><\/a><font size=\"4\" face=\"arial,helvetica,sans-serif\" color=\"#000000\" style=\"color: #5a5a5a;\"><a target=\"_blank\" href=\"intranet\/index.php?module=IWforms&amp;func=download&amp;fid=3&amp;fndid=15&amp;fileName=ITINERARI_VIATGE_4t_ESO.doc\">Itinerari<\/a><\/font> <\/li>\n<li style=\"color: #5a5a5a;\"><font size=\"4\" face=\"Arial\"><a href=\"intranet\/index.php?module=IWforms&amp;func=download&amp;fid=3&amp;fndid=15&amp;fileName=Normativa_i_signatura_conformitat1.doc\" target=\"_blank\">Normativa viatge<\/a> (elaborada pel centre)<\/font> <\/li>\n<li style=\"color: #5a5a5a;\"><font size=\"4\" face=\"Arial\"><a href=\"http:\/\/www.aena-aeropuertos.es\/csee\/Satellite\/aeropuertos\/es\/Page\/1208353368442\/\/Equipaje-de-mano-y-facturado.html\" target=\"_blank\">Normativa de l\u00edquids<\/a> (equipatge avi\u00f3)<\/font> <\/li>\n<li style=\"color: #5a5a5a;\"><a target=\"_blank\" href=\"intranet\/index.php?module=IWforms&amp;func=download&amp;fid=3&amp;fndid=15&amp;fileName=Informacions_importants_web.doc\"><font size=\"4\" face=\"Arial\"><\/font><\/a><font size=\"4\" face=\"Arial\"><a target=\"_blank\" href=\"intranet\/index.php?module=IWforms&amp;func=download&amp;fid=3&amp;fndid=15&amp;fileName=Informacions_importants_web.doc\">Informacions importants<\/a><\/font> <\/li>\n<\/ul><\/div>\n","protected":false},"excerpt":{"rendered":"<p>Informacions viatge a It\u00e0lia 4t ESO<br \/>\nPodeu passar per la Consergeria de l&#8217;institut per cobrar els beneficis de les fotografies de grup (20 euros per persona). Tamb\u00e9 els que heu venut loteria i mantegades per un import superior al preu del viatge, podeu anar a&hellip;  <a href=\"https:\/\/agora.xtec.cat\/iesmiquelbosch\/general\/informacions-viatge-4t-eso-3\/\" title=\"Read Informacions viatge 4t ESO\">Llegeix m\u00e9s\u00bb<\/a><\/p>\n","protected":false},"author":4,"featured_media":0,"comment_status":"open","ping_status":"open","sticky":false,"template":"","format":"standard","meta":{"_bbp_topic_count":0,"_bbp_reply_count":0,"_bbp_total_topic_count":0,"_bbp_total_reply_count":0,"_bbp_voice_count":0,"_bbp_anonymous_reply_count":0,"_bbp_topic_count_hidden":0,"_bbp_reply_count_hidden":0,"_bbp_forum_subforum_count":0,"footnotes":""},"categories":[1],"tags":[70,73],"class_list":["post-598","post","type-post","status-publish","format-standard","hentry","category-general","tag-intraweb","tag-noticies"],"post_mailing_queue_ids":[],"_links":{"self":[{"href":"https:\/\/agora.xtec.cat\/iesmiquelbosch\/wp-json\/wp\/v2\/posts\/598","targetHints":{"allow":["GET"]}}],"collection":[{"href":"https:\/\/agora.xtec.cat\/iesmiquelbosch\/wp-json\/wp\/v2\/posts"}],"about":[{"href":"https:\/\/agora.xtec.cat\/iesmiquelbosch\/wp-json\/wp\/v2\/types\/post"}],"author":[{"embeddable":true,"href":"https:\/\/agora.xtec.cat\/iesmiquelbosch\/wp-json\/wp\/v2\/users\/4"}],"replies":[{"embeddable":true,"href":"https:\/\/agora.xtec.cat\/iesmiquelbosch\/wp-json\/wp\/v2\/comments?post=598"}],"version-history":[{"count":1,"href":"https:\/\/agora.xtec.cat\/iesmiquelbosch\/wp-json\/wp\/v2\/posts\/598\/revisions"}],"predecessor-version":[{"id":1333,"href":"https:\/\/agora.xtec.cat\/iesmiquelbosch\/wp-json\/wp\/v2\/posts\/598\/revisions\/1333"}],"wp:attachment":[{"href":"https:\/\/agora.xtec.cat\/iesmiquelbosch\/wp-json\/wp\/v2\/media?parent=598"}],"wp:term":[{"taxonomy":"category","embeddable":true,"href":"https:\/\/agora.xtec.cat\/iesmiquelbosch\/wp-json\/wp\/v2\/categories?post=598"},{"taxonomy":"post_tag","embeddable":true,"href":"https:\/\/agora.xtec.cat\/iesmiquelbosch\/wp-json\/wp\/v2\/tags?post=598"}],"curies":[{"name":"wp","href":"https:\/\/api.w.org\/{rel}","templated":true}]}}