{"id":5978,"date":"2020-12-07T22:03:57","date_gmt":"2020-12-07T21:03:57","guid":{"rendered":"http:\/\/agora.xtec.cat\/iesmiquelbosch\/?p=5978"},"modified":"2020-12-07T22:03:57","modified_gmt":"2020-12-07T21:03:57","slug":"dia-mundial-de-la-filosofia","status":"publish","type":"post","link":"https:\/\/agora.xtec.cat\/iesmiquelbosch\/general\/dia-mundial-de-la-filosofia\/","title":{"rendered":"Dia Mundial de la Filosofia"},"content":{"rendered":"<div>El passat dia 19 de Novembre vam celebrar el\u00a0<b>Dia Mundial de la Filosofia<\/b>.\u00a0 Vam proposar als alumnes de Filosofia i de Cultura i Valors si volien participar en un sorteig a Instagram del llibre\u00a0<b><i>El convit<\/i>\u00a0<\/b>de\u00a0<b>Plat\u00f3<\/b>.\u00a0 Per participar calia respondre a una pregunta que es fan els personatges d&#8217;aquesta obra de Plat\u00f3:\u00a0<b>Qu\u00e8 \u00e9s l&#8217;amor?<\/b><\/div>\n<div><\/div>\n<div>L&#8217;<b>Arnau Puig<\/b>\u00a0de 2n de Batxillerat, l&#8217;<b>Anna Requena<\/b>\u00a0de 4rt d&#8217;ESO i la\u00a0<b>Nerea Arg\u00fcelles\u00a0<\/b>de 3r d&#8217;ESO es van animar a enviar les seves reflexions.\u00a0 Des de l&#8217;institut els vam agrair la seva participaci\u00f3 regalant-los el llibre en una edici\u00f3 biling\u00fce en grec i catal\u00e0 de l&#8217;Editorial Bernat Metge Essencial.<\/div>\n<div><\/div>\n<div>Algunes idees del llibre de Plat\u00f3 que ens poden inspirar sobre l&#8217;amor:<i>\u00a0 l&#8217;amor ens porta a fer grans coses, \u00e9s el desig d&#8217;immortalitat, \u00e9s el cam\u00ed de l&#8217;excel\u00b7l\u00e8ncia i de la felicitat.\u00a0 \u00c9s aquell que ens impulsa a evolucionar.<\/i><\/div>\n<div><\/div>\n<div>Feli\u00e7 dia mundial de la FILOSOFIA!<\/div>\n<div><\/div>\n<div><a href=\"https:\/\/agora.xtec.cat\/iesmiquelbosch\/wp-content\/uploads\/usu626\/2020\/12\/50830d88-0c12-4914-aeb3-95a40d713132.jpg\"><img loading=\"lazy\" decoding=\"async\" class=\"alignnone size-large wp-image-5979\" src=\"https:\/\/agora.xtec.cat\/iesmiquelbosch\/wp-content\/uploads\/usu626\/2020\/12\/50830d88-0c12-4914-aeb3-95a40d713132-1024x768.jpg\" alt=\"\" width=\"1024\" height=\"768\" srcset=\"https:\/\/agora.xtec.cat\/iesmiquelbosch\/wp-content\/uploads\/usu626\/2020\/12\/50830d88-0c12-4914-aeb3-95a40d713132-1024x768.jpg 1024w, https:\/\/agora.xtec.cat\/iesmiquelbosch\/wp-content\/uploads\/usu626\/2020\/12\/50830d88-0c12-4914-aeb3-95a40d713132-300x225.jpg 300w, https:\/\/agora.xtec.cat\/iesmiquelbosch\/wp-content\/uploads\/usu626\/2020\/12\/50830d88-0c12-4914-aeb3-95a40d713132-768x576.jpg 768w, https:\/\/agora.xtec.cat\/iesmiquelbosch\/wp-content\/uploads\/usu626\/2020\/12\/50830d88-0c12-4914-aeb3-95a40d713132-200x150.jpg 200w, https:\/\/agora.xtec.cat\/iesmiquelbosch\/wp-content\/uploads\/usu626\/2020\/12\/50830d88-0c12-4914-aeb3-95a40d713132.jpg 2048w\" sizes=\"auto, (max-width: 1024px) 100vw, 1024px\" \/><\/a><\/div>\n","protected":false},"excerpt":{"rendered":"<p>El passat dia 19 de Novembre vam celebrar el\u00a0Dia Mundial de la Filosofia.\u00a0 Vam proposar als alumnes de Filosofia i de Cultura i Valors si volien participar en un sorteig a Instagram del llibre\u00a0El convit\u00a0de\u00a0Plat\u00f3.\u00a0 Per participar calia respondre a una pregunta que es fan&hellip;  <a href=\"https:\/\/agora.xtec.cat\/iesmiquelbosch\/general\/dia-mundial-de-la-filosofia\/\" title=\"Read Dia Mundial de la Filosofia\">Llegeix m\u00e9s\u00bb<\/a><\/p>\n","protected":false},"author":1,"featured_media":5979,"comment_status":"open","ping_status":"closed","sticky":false,"template":"","format":"standard","meta":{"_bbp_topic_count":0,"_bbp_reply_count":0,"_bbp_total_topic_count":0,"_bbp_total_reply_count":0,"_bbp_voice_count":0,"_bbp_anonymous_reply_count":0,"_bbp_topic_count_hidden":0,"_bbp_reply_count_hidden":0,"_bbp_forum_subforum_count":0,"footnotes":""},"categories":[1],"tags":[],"class_list":["post-5978","post","type-post","status-publish","format-standard","has-post-thumbnail","hentry","category-general"],"post_mailing_queue_ids":[],"_links":{"self":[{"href":"https:\/\/agora.xtec.cat\/iesmiquelbosch\/wp-json\/wp\/v2\/posts\/5978","targetHints":{"allow":["GET"]}}],"collection":[{"href":"https:\/\/agora.xtec.cat\/iesmiquelbosch\/wp-json\/wp\/v2\/posts"}],"about":[{"href":"https:\/\/agora.xtec.cat\/iesmiquelbosch\/wp-json\/wp\/v2\/types\/post"}],"author":[{"embeddable":true,"href":"https:\/\/agora.xtec.cat\/iesmiquelbosch\/wp-json\/wp\/v2\/users\/1"}],"replies":[{"embeddable":true,"href":"https:\/\/agora.xtec.cat\/iesmiquelbosch\/wp-json\/wp\/v2\/comments?post=5978"}],"version-history":[{"count":1,"href":"https:\/\/agora.xtec.cat\/iesmiquelbosch\/wp-json\/wp\/v2\/posts\/5978\/revisions"}],"predecessor-version":[{"id":5980,"href":"https:\/\/agora.xtec.cat\/iesmiquelbosch\/wp-json\/wp\/v2\/posts\/5978\/revisions\/5980"}],"wp:featuredmedia":[{"embeddable":true,"href":"https:\/\/agora.xtec.cat\/iesmiquelbosch\/wp-json\/wp\/v2\/media\/5979"}],"wp:attachment":[{"href":"https:\/\/agora.xtec.cat\/iesmiquelbosch\/wp-json\/wp\/v2\/media?parent=5978"}],"wp:term":[{"taxonomy":"category","embeddable":true,"href":"https:\/\/agora.xtec.cat\/iesmiquelbosch\/wp-json\/wp\/v2\/categories?post=5978"},{"taxonomy":"post_tag","embeddable":true,"href":"https:\/\/agora.xtec.cat\/iesmiquelbosch\/wp-json\/wp\/v2\/tags?post=5978"}],"curies":[{"name":"wp","href":"https:\/\/api.w.org\/{rel}","templated":true}]}}