{"id":574,"date":"2011-04-19T15:42:31","date_gmt":"2011-04-19T14:42:31","guid":{"rendered":"http:\/\/agora.xtec.cat\/iesmiquelbosch\/general\/espanya-entra-aquesta-tarda-en-dicit-ecolic\/"},"modified":"2016-07-20T16:03:12","modified_gmt":"2016-07-20T15:03:12","slug":"espanya-entra-aquesta-tarda-en-dicit-ecolic","status":"publish","type":"post","link":"https:\/\/agora.xtec.cat\/iesmiquelbosch\/general\/espanya-entra-aquesta-tarda-en-dicit-ecolic\/","title":{"rendered":"Espanya entra aquesta tarda en d\u00e8ficit ecol\u00f2gic"},"content":{"rendered":"<p align=\"center\"><font color=\"#01a500\" size=\"5\" face=\"arial,helvetica,sans-serif\"><strong>Espanya entra aquesta tarda en d\u00e8ficit ecol\u00f2gic<\/strong><\/font><\/p>\n<p align=\"justify\"><font color=\"#01a500\" size=\"4\" face=\"arial,helvetica,sans-serif\">Aix\u00f2 significa que ja&nbsp;hem consumit tot el que el sistema ecol\u00f2gic&nbsp;espanyol pot produir, no podem regenerar i emetem m\u00e9s contaminants dels que podem absorbir.<\/font><\/p>\n<p align=\"justify\"><font color=\"#01a500\" size=\"4\" face=\"arial,helvetica,sans-serif\">Cada espanyol necessitem, de mitjana, 5,4 hect\u00e0rees per satisfer el nostre nivell de consum actual, per\u00f2 nom\u00e9s disposem d&#8217;1,6 hect\u00e0rees.<\/font><\/p>\n<p align=\"justify\"><font color=\"#01a500\" size=\"4\" face=\"Arial\">Si voleu accedir a m\u00e9s informaci\u00f3, cliqueu a Not\u00edcia completa.<\/font><\/p>\n<p><font size=\"4\" face=\"arial,helvetica,sans-serif\"><a href=\"http:\/\/www.elperiodico.cat\/ca\/noticias\/societat\/espanya-entra-avui-deute-ecologic-amb-planeta-978406\" target=\"_blank\">Accediu a l&#8217;enlla\u00e7<\/a><\/font><\/p>\n","protected":false},"excerpt":{"rendered":"<p>Espanya entra aquesta tarda en d\u00e8ficit ecol\u00f2gic<br \/>\nAix\u00f2 significa que ja&nbsp;hem consumit tot el que el sistema ecol\u00f2gic&nbsp;espanyol pot produir, no podem regenerar i emetem m\u00e9s contaminants dels que podem absorbir.<br \/>\nCada espanyol necessitem, de mitjana, 5,4 hect\u00e0rees per satisfer el nostre nivell de consum actual, per\u00f2&hellip;  <a href=\"https:\/\/agora.xtec.cat\/iesmiquelbosch\/general\/espanya-entra-aquesta-tarda-en-dicit-ecolic\/\" title=\"Read Espanya entra aquesta tarda en d\u00e8ficit ecol\u00f2gic\">Llegeix m\u00e9s\u00bb<\/a><\/p>\n","protected":false},"author":4,"featured_media":0,"comment_status":"open","ping_status":"open","sticky":false,"template":"","format":"standard","meta":{"_bbp_topic_count":0,"_bbp_reply_count":0,"_bbp_total_topic_count":0,"_bbp_total_reply_count":0,"_bbp_voice_count":0,"_bbp_anonymous_reply_count":0,"_bbp_topic_count_hidden":0,"_bbp_reply_count_hidden":0,"_bbp_forum_subforum_count":0,"footnotes":""},"categories":[1],"tags":[70,73],"class_list":["post-574","post","type-post","status-publish","format-standard","hentry","category-general","tag-intraweb","tag-noticies"],"post_mailing_queue_ids":[],"_links":{"self":[{"href":"https:\/\/agora.xtec.cat\/iesmiquelbosch\/wp-json\/wp\/v2\/posts\/574","targetHints":{"allow":["GET"]}}],"collection":[{"href":"https:\/\/agora.xtec.cat\/iesmiquelbosch\/wp-json\/wp\/v2\/posts"}],"about":[{"href":"https:\/\/agora.xtec.cat\/iesmiquelbosch\/wp-json\/wp\/v2\/types\/post"}],"author":[{"embeddable":true,"href":"https:\/\/agora.xtec.cat\/iesmiquelbosch\/wp-json\/wp\/v2\/users\/4"}],"replies":[{"embeddable":true,"href":"https:\/\/agora.xtec.cat\/iesmiquelbosch\/wp-json\/wp\/v2\/comments?post=574"}],"version-history":[{"count":1,"href":"https:\/\/agora.xtec.cat\/iesmiquelbosch\/wp-json\/wp\/v2\/posts\/574\/revisions"}],"predecessor-version":[{"id":1309,"href":"https:\/\/agora.xtec.cat\/iesmiquelbosch\/wp-json\/wp\/v2\/posts\/574\/revisions\/1309"}],"wp:attachment":[{"href":"https:\/\/agora.xtec.cat\/iesmiquelbosch\/wp-json\/wp\/v2\/media?parent=574"}],"wp:term":[{"taxonomy":"category","embeddable":true,"href":"https:\/\/agora.xtec.cat\/iesmiquelbosch\/wp-json\/wp\/v2\/categories?post=574"},{"taxonomy":"post_tag","embeddable":true,"href":"https:\/\/agora.xtec.cat\/iesmiquelbosch\/wp-json\/wp\/v2\/tags?post=574"}],"curies":[{"name":"wp","href":"https:\/\/api.w.org\/{rel}","templated":true}]}}