{"id":573,"date":"2011-04-14T14:25:08","date_gmt":"2011-04-14T13:25:08","guid":{"rendered":"http:\/\/agora.xtec.cat\/iesmiquelbosch\/general\/estudiar-a-la-universitat-la-tenim-a-prop\/"},"modified":"2016-07-20T16:03:12","modified_gmt":"2016-07-20T15:03:12","slug":"estudiar-a-la-universitat-la-tenim-a-prop","status":"publish","type":"post","link":"https:\/\/agora.xtec.cat\/iesmiquelbosch\/general\/estudiar-a-la-universitat-la-tenim-a-prop\/","title":{"rendered":"Estudiar a la Universitat, la tenim a prop"},"content":{"rendered":"<p align=\"center\"><font color=\"#005c87\" size=\"5\" face=\"arial,helvetica,sans-serif\"><strong>4t cicle de xerrades<\/strong><\/font><\/p>\n<p align=\"justify\"><font color=\"#005c87\" size=\"4\" face=\"arial,helvetica,sans-serif\">El 28 d&#8217;abril, a les 20:00 hores, a la sala d&#8217;actes de l&#8217;Escola Polit\u00e8cnica Superior d&#8217;Enginyeria de Manresa (Av. Bases de Manresa 61 &#8211; 73), esteu convidats a la taula rodona <em>Estudiar a la universitat, la tenim a prop<\/em>. Aquesta xerrada est\u00e0 adre\u00e7ada a les fam\u00edlies i&nbsp;als estudiants que teniu inter\u00e8s en continuar els vostres estudis en alguna universitat manresana.<\/font><\/p>\n<p align=\"justify\"><font size=\"4\" face=\"arial,helvetica,sans-serif\"><font color=\"#005c87\">Podeu accedir al d\u00edptic informatiu des <\/font><a href=\"\/iesmiquelbosch\/intranet\/index.php?module=IWforms&amp;func=download&amp;fid=3&amp;fndid=15&amp;fileName=flyer_enviar.pdf\" target=\"_blank\"><font color=\"#005c87\">d&#8217;aqu\u00ed<\/font><\/a><font color=\"#005c87\">.<\/font><\/font><\/p>\n","protected":false},"excerpt":{"rendered":"<p>4t cicle de xerrades<br \/>\nEl 28 d&#8217;abril, a les 20:00 hores, a la sala d&#8217;actes de l&#8217;Escola Polit\u00e8cnica Superior d&#8217;Enginyeria de Manresa (Av. Bases de Manresa 61 &#8211; 73), esteu convidats a la taula rodona Estudiar a la universitat, la tenim a prop. Aquesta xerrada est\u00e0&hellip;  <a href=\"https:\/\/agora.xtec.cat\/iesmiquelbosch\/general\/estudiar-a-la-universitat-la-tenim-a-prop\/\" title=\"Read Estudiar a la Universitat, la tenim a prop\">Llegeix m\u00e9s\u00bb<\/a><\/p>\n","protected":false},"author":4,"featured_media":0,"comment_status":"open","ping_status":"open","sticky":false,"template":"","format":"standard","meta":{"_bbp_topic_count":0,"_bbp_reply_count":0,"_bbp_total_topic_count":0,"_bbp_total_reply_count":0,"_bbp_voice_count":0,"_bbp_anonymous_reply_count":0,"_bbp_topic_count_hidden":0,"_bbp_reply_count_hidden":0,"_bbp_forum_subforum_count":0,"footnotes":""},"categories":[1],"tags":[70,73],"class_list":["post-573","post","type-post","status-publish","format-standard","hentry","category-general","tag-intraweb","tag-noticies"],"post_mailing_queue_ids":[],"_links":{"self":[{"href":"https:\/\/agora.xtec.cat\/iesmiquelbosch\/wp-json\/wp\/v2\/posts\/573","targetHints":{"allow":["GET"]}}],"collection":[{"href":"https:\/\/agora.xtec.cat\/iesmiquelbosch\/wp-json\/wp\/v2\/posts"}],"about":[{"href":"https:\/\/agora.xtec.cat\/iesmiquelbosch\/wp-json\/wp\/v2\/types\/post"}],"author":[{"embeddable":true,"href":"https:\/\/agora.xtec.cat\/iesmiquelbosch\/wp-json\/wp\/v2\/users\/4"}],"replies":[{"embeddable":true,"href":"https:\/\/agora.xtec.cat\/iesmiquelbosch\/wp-json\/wp\/v2\/comments?post=573"}],"version-history":[{"count":1,"href":"https:\/\/agora.xtec.cat\/iesmiquelbosch\/wp-json\/wp\/v2\/posts\/573\/revisions"}],"predecessor-version":[{"id":1308,"href":"https:\/\/agora.xtec.cat\/iesmiquelbosch\/wp-json\/wp\/v2\/posts\/573\/revisions\/1308"}],"wp:attachment":[{"href":"https:\/\/agora.xtec.cat\/iesmiquelbosch\/wp-json\/wp\/v2\/media?parent=573"}],"wp:term":[{"taxonomy":"category","embeddable":true,"href":"https:\/\/agora.xtec.cat\/iesmiquelbosch\/wp-json\/wp\/v2\/categories?post=573"},{"taxonomy":"post_tag","embeddable":true,"href":"https:\/\/agora.xtec.cat\/iesmiquelbosch\/wp-json\/wp\/v2\/tags?post=573"}],"curies":[{"name":"wp","href":"https:\/\/api.w.org\/{rel}","templated":true}]}}