{"id":564,"date":"2011-03-16T12:55:49","date_gmt":"2011-03-16T11:55:49","guid":{"rendered":"http:\/\/agora.xtec.cat\/iesmiquelbosch\/general\/problemes-a-ladjuntar-els-documents-docx-al-formulari-del-concurs-literari\/"},"modified":"2016-07-20T16:03:11","modified_gmt":"2016-07-20T15:03:11","slug":"problemes-a-ladjuntar-els-documents-docx-al-formulari-del-concurs-literari","status":"publish","type":"post","link":"https:\/\/agora.xtec.cat\/iesmiquelbosch\/general\/problemes-a-ladjuntar-els-documents-docx-al-formulari-del-concurs-literari\/","title":{"rendered":"Problemes a l&#8217;adjuntar els documents .docx al formulari del concurs literari"},"content":{"rendered":"<p style=\"color: #f0a000;\"><strong><font size=\"5\" face=\"arial,helvetica,sans-serif\">Problemes a l&#8217;adjuntar els documents .docx al formulari del concurs literari ja solucionats<br \/><\/font><\/strong><\/p>\n<p style=\"color: #f0a000;\"><font size=\"4\" face=\"arial,helvetica,sans-serif\">Aquest mat\u00ed s&#8217;ha detectat que alguns\/es ten\u00edeu problemes per adjuntar els vostres treballs pel concurs literari de Sant Jordi. Ara ja est\u00e0 solucionat. <\/font><\/p>\n<p><font size=\"4\" face=\"arial,helvetica,sans-serif\" style=\"color: #f0a000;\">I \u00e9s que la p\u00e0gina web no permetia adjuntar els fitxers amb extensi\u00f3 docx. Ara s\u00ed.<\/font><\/p>\n","protected":false},"excerpt":{"rendered":"<p>Problemes a l&#8217;adjuntar els documents .docx al formulari del concurs literari ja solucionats<br \/>\nAquest mat\u00ed s&#8217;ha detectat que alguns\/es ten\u00edeu problemes per adjuntar els vostres treballs pel concurs literari de Sant Jordi. Ara ja est\u00e0 solucionat.<br \/>\nI \u00e9s que la p\u00e0gina web no permetia adjuntar els&hellip;  <a href=\"https:\/\/agora.xtec.cat\/iesmiquelbosch\/general\/problemes-a-ladjuntar-els-documents-docx-al-formulari-del-concurs-literari\/\" title=\"Read Problemes a l&#8217;adjuntar els documents .docx al formulari del concurs literari\">Llegeix m\u00e9s\u00bb<\/a><\/p>\n","protected":false},"author":4,"featured_media":0,"comment_status":"open","ping_status":"open","sticky":false,"template":"","format":"standard","meta":{"_bbp_topic_count":0,"_bbp_reply_count":0,"_bbp_total_topic_count":0,"_bbp_total_reply_count":0,"_bbp_voice_count":0,"_bbp_anonymous_reply_count":0,"_bbp_topic_count_hidden":0,"_bbp_reply_count_hidden":0,"_bbp_forum_subforum_count":0,"footnotes":""},"categories":[1],"tags":[70,73],"class_list":["post-564","post","type-post","status-publish","format-standard","hentry","category-general","tag-intraweb","tag-noticies"],"post_mailing_queue_ids":[],"_links":{"self":[{"href":"https:\/\/agora.xtec.cat\/iesmiquelbosch\/wp-json\/wp\/v2\/posts\/564","targetHints":{"allow":["GET"]}}],"collection":[{"href":"https:\/\/agora.xtec.cat\/iesmiquelbosch\/wp-json\/wp\/v2\/posts"}],"about":[{"href":"https:\/\/agora.xtec.cat\/iesmiquelbosch\/wp-json\/wp\/v2\/types\/post"}],"author":[{"embeddable":true,"href":"https:\/\/agora.xtec.cat\/iesmiquelbosch\/wp-json\/wp\/v2\/users\/4"}],"replies":[{"embeddable":true,"href":"https:\/\/agora.xtec.cat\/iesmiquelbosch\/wp-json\/wp\/v2\/comments?post=564"}],"version-history":[{"count":1,"href":"https:\/\/agora.xtec.cat\/iesmiquelbosch\/wp-json\/wp\/v2\/posts\/564\/revisions"}],"predecessor-version":[{"id":1299,"href":"https:\/\/agora.xtec.cat\/iesmiquelbosch\/wp-json\/wp\/v2\/posts\/564\/revisions\/1299"}],"wp:attachment":[{"href":"https:\/\/agora.xtec.cat\/iesmiquelbosch\/wp-json\/wp\/v2\/media?parent=564"}],"wp:term":[{"taxonomy":"category","embeddable":true,"href":"https:\/\/agora.xtec.cat\/iesmiquelbosch\/wp-json\/wp\/v2\/categories?post=564"},{"taxonomy":"post_tag","embeddable":true,"href":"https:\/\/agora.xtec.cat\/iesmiquelbosch\/wp-json\/wp\/v2\/tags?post=564"}],"curies":[{"name":"wp","href":"https:\/\/api.w.org\/{rel}","templated":true}]}}