{"id":562,"date":"2011-03-14T19:23:00","date_gmt":"2011-03-14T18:23:00","guid":{"rendered":"http:\/\/agora.xtec.cat\/iesmiquelbosch\/general\/ajornament-de-la-sortida-al-delta-del-llobregat\/"},"modified":"2016-07-20T16:03:11","modified_gmt":"2016-07-20T15:03:11","slug":"ajornament-de-la-sortida-al-delta-del-llobregat","status":"publish","type":"post","link":"https:\/\/agora.xtec.cat\/iesmiquelbosch\/general\/ajornament-de-la-sortida-al-delta-del-llobregat\/","title":{"rendered":"AJORNAMENT DE LA SORTIDA AL DELTA DEL LLOBREGAT"},"content":{"rendered":"<p>S&#8217;informa que la sortida de 1<font size=\"2\">r<\/font> de Batxillerat al Delta del Llobregat, prevista per dem\u00e0 dimarts dia 15 de mar\u00e7, s&#8217;ha AJORNAT a causa de la desfavorable previsi\u00f3 meteorol\u00f2gica. Oportunament s&#8217;informar\u00e0 de la nova data per realitzar-la. Conseg\u00fcentment, dem\u00e0 hi haur\u00e0 les classes normals de cada dimarts seguint l&#8217;horari lectiu habitual.<\/p>\n<p><font size=\"2\">Ramon Sol\u00e0<\/font><\/p>\n<p><font size=\"2\">Professor de Ci\u00e8ncies per al M\u00f3n Contemporani<\/font><\/p>\n","protected":false},"excerpt":{"rendered":"<p>S&#8217;informa que la sortida de 1r de Batxillerat al Delta del Llobregat, prevista per dem\u00e0 dimarts dia 15 de mar\u00e7, s&#8217;ha AJORNAT a causa de la desfavorable previsi\u00f3 meteorol\u00f2gica. Oportunament s&#8217;informar\u00e0 de la nova data per realitzar-la. Conseg\u00fcentment, dem\u00e0 hi haur\u00e0 les classes normals de&hellip;  <a href=\"https:\/\/agora.xtec.cat\/iesmiquelbosch\/general\/ajornament-de-la-sortida-al-delta-del-llobregat\/\" title=\"Read AJORNAMENT DE LA SORTIDA AL DELTA DEL LLOBREGAT\">Llegeix m\u00e9s\u00bb<\/a><\/p>\n","protected":false},"author":1,"featured_media":0,"comment_status":"open","ping_status":"open","sticky":false,"template":"","format":"standard","meta":{"_bbp_topic_count":0,"_bbp_reply_count":0,"_bbp_total_topic_count":0,"_bbp_total_reply_count":0,"_bbp_voice_count":0,"_bbp_anonymous_reply_count":0,"_bbp_topic_count_hidden":0,"_bbp_reply_count_hidden":0,"_bbp_forum_subforum_count":0,"footnotes":""},"categories":[1],"tags":[70,73],"class_list":["post-562","post","type-post","status-publish","format-standard","hentry","category-general","tag-intraweb","tag-noticies"],"post_mailing_queue_ids":[],"_links":{"self":[{"href":"https:\/\/agora.xtec.cat\/iesmiquelbosch\/wp-json\/wp\/v2\/posts\/562","targetHints":{"allow":["GET"]}}],"collection":[{"href":"https:\/\/agora.xtec.cat\/iesmiquelbosch\/wp-json\/wp\/v2\/posts"}],"about":[{"href":"https:\/\/agora.xtec.cat\/iesmiquelbosch\/wp-json\/wp\/v2\/types\/post"}],"author":[{"embeddable":true,"href":"https:\/\/agora.xtec.cat\/iesmiquelbosch\/wp-json\/wp\/v2\/users\/1"}],"replies":[{"embeddable":true,"href":"https:\/\/agora.xtec.cat\/iesmiquelbosch\/wp-json\/wp\/v2\/comments?post=562"}],"version-history":[{"count":1,"href":"https:\/\/agora.xtec.cat\/iesmiquelbosch\/wp-json\/wp\/v2\/posts\/562\/revisions"}],"predecessor-version":[{"id":1297,"href":"https:\/\/agora.xtec.cat\/iesmiquelbosch\/wp-json\/wp\/v2\/posts\/562\/revisions\/1297"}],"wp:attachment":[{"href":"https:\/\/agora.xtec.cat\/iesmiquelbosch\/wp-json\/wp\/v2\/media?parent=562"}],"wp:term":[{"taxonomy":"category","embeddable":true,"href":"https:\/\/agora.xtec.cat\/iesmiquelbosch\/wp-json\/wp\/v2\/categories?post=562"},{"taxonomy":"post_tag","embeddable":true,"href":"https:\/\/agora.xtec.cat\/iesmiquelbosch\/wp-json\/wp\/v2\/tags?post=562"}],"curies":[{"name":"wp","href":"https:\/\/api.w.org\/{rel}","templated":true}]}}