{"id":557,"date":"2011-02-21T21:01:44","date_gmt":"2011-02-21T20:01:44","guid":{"rendered":"http:\/\/agora.xtec.cat\/iesmiquelbosch\/general\/jornada-per-lequilibri-1r-eso\/"},"modified":"2016-07-20T16:03:11","modified_gmt":"2016-07-20T15:03:11","slug":"jornada-per-lequilibri-1r-eso","status":"publish","type":"post","link":"https:\/\/agora.xtec.cat\/iesmiquelbosch\/general\/jornada-per-lequilibri-1r-eso\/","title":{"rendered":"Jornada Per l&#8217;equilibri 1r ESO"},"content":{"rendered":"<p align=\"center\" style=\"color: #c34100;\"><strong><font size=\"5\" face=\"arial,helvetica,sans-serif\">Jornada Per l&#8217;equilibri 1r ESO<\/font><\/strong><\/p>\n<p align=\"center\" style=\"color: #c34100;\"><font size=\"4\" face=\"arial,helvetica,sans-serif\">22 de febrer de 2011<\/font><\/p>\n<p align=\"justify\" style=\"color: #c34100;\"><font size=\"4\" face=\"arial,helvetica,sans-serif\">Si cliqueu <a target=\"_blank\" href=\"index.php?module=IWforms&amp;func=download&amp;fid=3&amp;fndid=15&amp;fileName=Carta_pares_1r_ESO.doc\">aqu\u00ed <\/a>podreu accedir a la carta que s&#8217;ha lliurat aquesta tarda als alumnes de 1r d&#8217;ESO per informar sobre la Jornada Per l&#8217;equilibri que es portar\u00e0 a terme dem\u00e0. <\/font><\/p>\n<div align=\"justify\"> <\/div>\n<p align=\"justify\"><font size=\"4\" face=\"arial,helvetica,sans-serif\" style=\"color: #c34100;\">S&#8217;ha cregut oport\u00fa fer arribar aquesta informaci\u00f3 a les fam\u00edlies de 1r d&#8217;ESO at\u00e8s que \u00e9s la primera vegada que els seus\/vostres fills i filles gaudiran d&#8217;una jornada d&#8217;aquest caire al nostre centre.<\/font><\/p>\n","protected":false},"excerpt":{"rendered":"<p>Jornada Per l&#8217;equilibri 1r ESO<br \/>\n22 de febrer de 2011<br \/>\nSi cliqueu <a target=\"_blank\" href=\"index.php?module=IWforms&amp;func=download&amp;fid=3&amp;fndid=15&amp;fileName=Carta_pares_1r_ESO.doc\">aqu\u00ed <\/a>podreu accedir a la carta que s&#8217;ha lliurat aquesta tarda als alumnes de 1r d&#8217;ESO per informar sobre la Jornada Per l&#8217;equilibri que es portar\u00e0 a terme dem\u00e0. <\/p>\n<p>S&#8217;ha cregut oport\u00fa&hellip;  <a href=\"https:\/\/agora.xtec.cat\/iesmiquelbosch\/general\/jornada-per-lequilibri-1r-eso\/\" title=\"Read Jornada Per l&#8217;equilibri 1r ESO\">Llegeix m\u00e9s\u00bb<\/a><\/p>\n","protected":false},"author":4,"featured_media":0,"comment_status":"open","ping_status":"open","sticky":false,"template":"","format":"standard","meta":{"_bbp_topic_count":0,"_bbp_reply_count":0,"_bbp_total_topic_count":0,"_bbp_total_reply_count":0,"_bbp_voice_count":0,"_bbp_anonymous_reply_count":0,"_bbp_topic_count_hidden":0,"_bbp_reply_count_hidden":0,"_bbp_forum_subforum_count":0,"footnotes":""},"categories":[1],"tags":[70,73],"class_list":["post-557","post","type-post","status-publish","format-standard","hentry","category-general","tag-intraweb","tag-noticies"],"post_mailing_queue_ids":[],"_links":{"self":[{"href":"https:\/\/agora.xtec.cat\/iesmiquelbosch\/wp-json\/wp\/v2\/posts\/557","targetHints":{"allow":["GET"]}}],"collection":[{"href":"https:\/\/agora.xtec.cat\/iesmiquelbosch\/wp-json\/wp\/v2\/posts"}],"about":[{"href":"https:\/\/agora.xtec.cat\/iesmiquelbosch\/wp-json\/wp\/v2\/types\/post"}],"author":[{"embeddable":true,"href":"https:\/\/agora.xtec.cat\/iesmiquelbosch\/wp-json\/wp\/v2\/users\/4"}],"replies":[{"embeddable":true,"href":"https:\/\/agora.xtec.cat\/iesmiquelbosch\/wp-json\/wp\/v2\/comments?post=557"}],"version-history":[{"count":1,"href":"https:\/\/agora.xtec.cat\/iesmiquelbosch\/wp-json\/wp\/v2\/posts\/557\/revisions"}],"predecessor-version":[{"id":1292,"href":"https:\/\/agora.xtec.cat\/iesmiquelbosch\/wp-json\/wp\/v2\/posts\/557\/revisions\/1292"}],"wp:attachment":[{"href":"https:\/\/agora.xtec.cat\/iesmiquelbosch\/wp-json\/wp\/v2\/media?parent=557"}],"wp:term":[{"taxonomy":"category","embeddable":true,"href":"https:\/\/agora.xtec.cat\/iesmiquelbosch\/wp-json\/wp\/v2\/categories?post=557"},{"taxonomy":"post_tag","embeddable":true,"href":"https:\/\/agora.xtec.cat\/iesmiquelbosch\/wp-json\/wp\/v2\/tags?post=557"}],"curies":[{"name":"wp","href":"https:\/\/api.w.org\/{rel}","templated":true}]}}