{"id":5532,"date":"2020-06-30T03:26:49","date_gmt":"2020-06-30T01:26:49","guid":{"rendered":"http:\/\/agora.xtec.cat\/iesmiquelbosch\/?p=5532"},"modified":"2020-11-05T16:08:19","modified_gmt":"2020-11-05T15:08:19","slug":"matricula-alumnes-nous-eso-i-btx","status":"publish","type":"post","link":"https:\/\/agora.xtec.cat\/iesmiquelbosch\/general\/matricula-alumnes-nous-eso-i-btx\/","title":{"rendered":"MATR\u00cdCULA ALUMNES NOUS ESO i BTX"},"content":{"rendered":"<p><a href=\"https:\/\/agora.xtec.cat\/iesmiquelbosch\/wp-content\/uploads\/usu626\/2020\/06\/BIG_124493210030411_00.jpg\"><img loading=\"lazy\" decoding=\"async\" class=\"size-full wp-image-5533\" src=\"https:\/\/agora.xtec.cat\/iesmiquelbosch\/wp-content\/uploads\/usu626\/2020\/06\/BIG_124493210030411_00.jpg\" alt=\"\" width=\"200\" height=\"150\" \/><\/a><\/p>\n<p>Els dies de matr\u00edcula per als alumnes preinscrits al centre ser\u00e0:<\/p>\n<p>ESO\u00a0 \u00a0 \u00a0 \u00a0 \u00a0 \u00a0 \u00a0 \u00a0 \u00a0 \u00a0 \u00a0del 13 al 17 de juliol<\/p>\n<p>BATXILLERAT\u00a0 \u00a0 \u00a0del 8 al 14 de juliol<\/p>\n<p>El centre es posar\u00e0 en contacte amb les fam\u00edlies per informar detalladament del proc\u00e8s de matr\u00edcula.<\/p>\n<p>TRANSPORT ESCOLAR: ESO i BATXILLERAT: Cal fer la sol\u00b7licitud telem\u00e0ticament a partir del 13 de juliol.<\/p>\n<p>En aquest enlla\u00e7:\u00a0<a href=\"http:\/\/www.ccbages.cat\/educacioicultura\/educacio\/transport\/\">http:\/\/www.ccbages.cat\/educacioicultura\/educacio\/transport\/<\/a><\/p>\n<p>No cal que adjunteu el resguard de matr\u00edcula quan feu la sol\u00b7licitud de transport.<\/p>\n","protected":false},"excerpt":{"rendered":"<p><a href=\"https:\/\/agora.xtec.cat\/iesmiquelbosch\/wp-content\/uploads\/usu626\/2020\/06\/BIG_124493210030411_00.jpg\"><\/a><br \/>\nEls dies de matr\u00edcula per als alumnes preinscrits al centre ser\u00e0:<br \/>\nESO\u00a0 \u00a0 \u00a0 \u00a0 \u00a0 \u00a0 \u00a0 \u00a0 \u00a0 \u00a0 \u00a0del 13 al 17 de juliol<br \/>\nBATXILLERAT\u00a0 \u00a0 \u00a0del 8 al 14 de juliol<br \/>\nEl centre es posar\u00e0 en contacte amb les fam\u00edlies per informar detalladament&hellip;  <a href=\"https:\/\/agora.xtec.cat\/iesmiquelbosch\/general\/matricula-alumnes-nous-eso-i-btx\/\" title=\"Read MATR\u00cdCULA ALUMNES NOUS ESO i BTX\">Llegeix m\u00e9s\u00bb<\/a><\/p>\n","protected":false},"author":33,"featured_media":5533,"comment_status":"open","ping_status":"closed","sticky":false,"template":"","format":"standard","meta":{"_bbp_topic_count":0,"_bbp_reply_count":0,"_bbp_total_topic_count":0,"_bbp_total_reply_count":0,"_bbp_voice_count":0,"_bbp_anonymous_reply_count":0,"_bbp_topic_count_hidden":0,"_bbp_reply_count_hidden":0,"_bbp_forum_subforum_count":0,"footnotes":""},"categories":[1],"tags":[],"class_list":["post-5532","post","type-post","status-publish","format-standard","has-post-thumbnail","hentry","category-general"],"post_mailing_queue_ids":[],"_links":{"self":[{"href":"https:\/\/agora.xtec.cat\/iesmiquelbosch\/wp-json\/wp\/v2\/posts\/5532","targetHints":{"allow":["GET"]}}],"collection":[{"href":"https:\/\/agora.xtec.cat\/iesmiquelbosch\/wp-json\/wp\/v2\/posts"}],"about":[{"href":"https:\/\/agora.xtec.cat\/iesmiquelbosch\/wp-json\/wp\/v2\/types\/post"}],"author":[{"embeddable":true,"href":"https:\/\/agora.xtec.cat\/iesmiquelbosch\/wp-json\/wp\/v2\/users\/33"}],"replies":[{"embeddable":true,"href":"https:\/\/agora.xtec.cat\/iesmiquelbosch\/wp-json\/wp\/v2\/comments?post=5532"}],"version-history":[{"count":3,"href":"https:\/\/agora.xtec.cat\/iesmiquelbosch\/wp-json\/wp\/v2\/posts\/5532\/revisions"}],"predecessor-version":[{"id":5604,"href":"https:\/\/agora.xtec.cat\/iesmiquelbosch\/wp-json\/wp\/v2\/posts\/5532\/revisions\/5604"}],"wp:featuredmedia":[{"embeddable":true,"href":"https:\/\/agora.xtec.cat\/iesmiquelbosch\/wp-json\/wp\/v2\/media\/5533"}],"wp:attachment":[{"href":"https:\/\/agora.xtec.cat\/iesmiquelbosch\/wp-json\/wp\/v2\/media?parent=5532"}],"wp:term":[{"taxonomy":"category","embeddable":true,"href":"https:\/\/agora.xtec.cat\/iesmiquelbosch\/wp-json\/wp\/v2\/categories?post=5532"},{"taxonomy":"post_tag","embeddable":true,"href":"https:\/\/agora.xtec.cat\/iesmiquelbosch\/wp-json\/wp\/v2\/tags?post=5532"}],"curies":[{"name":"wp","href":"https:\/\/api.w.org\/{rel}","templated":true}]}}