{"id":552,"date":"2011-02-04T14:51:13","date_gmt":"2011-02-04T13:51:13","guid":{"rendered":"http:\/\/agora.xtec.cat\/iesmiquelbosch\/general\/jornada-de-portes-obertes-16-febrer-2011\/"},"modified":"2016-07-20T16:03:10","modified_gmt":"2016-07-20T15:03:10","slug":"jornada-de-portes-obertes-16-febrer-2011","status":"publish","type":"post","link":"https:\/\/agora.xtec.cat\/iesmiquelbosch\/general\/jornada-de-portes-obertes-16-febrer-2011\/","title":{"rendered":"Jornada de portes obertes &#8211; 16 febrer 2011"},"content":{"rendered":"<p><strong><font face=\"arial,helvetica,sans-serif\" style=\"color: #02ff00;\"><font size=\"5\">JORNADA DE PORTES OBERTES I REUNI\u00d3<\/font><\/font><\/strong><\/p>\n<p><strong><font face=\"arial,helvetica,sans-serif\" style=\"color: #02ff00;\"><font size=\"5\"> 16 de febrer 2011<\/font><br \/><\/font><\/strong><\/p>\n<\/p>\n<p><font size=\"4\" face=\"arial,helvetica,sans-serif\">Amb la finalitat que tamb\u00e9 els pares i familiars podeu con\u00e8ixer el centre, hem organitzat una <span style=\"color: #02ff00;\">jornada de de portes obertes<\/span>. Us convidem a les <span style=\"color: #11ff10;\">17.30 hores<\/span> de la tarda a venir i seguir una visita guiada per les diverses aules i depend\u00e8ncies del nostre centre.<\/font><\/p>\n<p><font size=\"4\" face=\"arial,helvetica,sans-serif\">A continuaci\u00f3, <span style=\"color: #02ff00;\">a les 19 hores<\/span>, farem una <span style=\"color: #02ff00;\">reuni\u00f3 amb els pares i mares d&#8217;alumnes<\/span> de 6\u00e8 de prim\u00e0ria, on es tractaran diversos aspectes de l&#8217;organitzaci\u00f3 del nostre institut i podreu exposar i demanar qualsevol pregunta, dubte o aclariment.<\/font><\/p><\/p>\n","protected":false},"excerpt":{"rendered":"<p>JORNADA DE PORTES OBERTES I REUNI\u00d3<br \/>\n 16 de febrer 2011<\/p>\n<p>Amb la finalitat que tamb\u00e9 els pares i familiars podeu con\u00e8ixer el centre, hem organitzat una jornada de de portes obertes. Us convidem a les 17.30 hores de la tarda a venir i seguir una visita&hellip;  <a href=\"https:\/\/agora.xtec.cat\/iesmiquelbosch\/general\/jornada-de-portes-obertes-16-febrer-2011\/\" title=\"Read Jornada de portes obertes &#8211; 16 febrer 2011\">Llegeix m\u00e9s\u00bb<\/a><\/p>\n","protected":false},"author":33,"featured_media":0,"comment_status":"open","ping_status":"open","sticky":false,"template":"","format":"standard","meta":{"_bbp_topic_count":0,"_bbp_reply_count":0,"_bbp_total_topic_count":0,"_bbp_total_reply_count":0,"_bbp_voice_count":0,"_bbp_anonymous_reply_count":0,"_bbp_topic_count_hidden":0,"_bbp_reply_count_hidden":0,"_bbp_forum_subforum_count":0,"footnotes":""},"categories":[1],"tags":[70,73],"class_list":["post-552","post","type-post","status-publish","format-standard","hentry","category-general","tag-intraweb","tag-noticies"],"post_mailing_queue_ids":[],"_links":{"self":[{"href":"https:\/\/agora.xtec.cat\/iesmiquelbosch\/wp-json\/wp\/v2\/posts\/552","targetHints":{"allow":["GET"]}}],"collection":[{"href":"https:\/\/agora.xtec.cat\/iesmiquelbosch\/wp-json\/wp\/v2\/posts"}],"about":[{"href":"https:\/\/agora.xtec.cat\/iesmiquelbosch\/wp-json\/wp\/v2\/types\/post"}],"author":[{"embeddable":true,"href":"https:\/\/agora.xtec.cat\/iesmiquelbosch\/wp-json\/wp\/v2\/users\/33"}],"replies":[{"embeddable":true,"href":"https:\/\/agora.xtec.cat\/iesmiquelbosch\/wp-json\/wp\/v2\/comments?post=552"}],"version-history":[{"count":1,"href":"https:\/\/agora.xtec.cat\/iesmiquelbosch\/wp-json\/wp\/v2\/posts\/552\/revisions"}],"predecessor-version":[{"id":1287,"href":"https:\/\/agora.xtec.cat\/iesmiquelbosch\/wp-json\/wp\/v2\/posts\/552\/revisions\/1287"}],"wp:attachment":[{"href":"https:\/\/agora.xtec.cat\/iesmiquelbosch\/wp-json\/wp\/v2\/media?parent=552"}],"wp:term":[{"taxonomy":"category","embeddable":true,"href":"https:\/\/agora.xtec.cat\/iesmiquelbosch\/wp-json\/wp\/v2\/categories?post=552"},{"taxonomy":"post_tag","embeddable":true,"href":"https:\/\/agora.xtec.cat\/iesmiquelbosch\/wp-json\/wp\/v2\/tags?post=552"}],"curies":[{"name":"wp","href":"https:\/\/api.w.org\/{rel}","templated":true}]}}